{"id":47581,"date":"2023-05-25T09:19:20","date_gmt":"2023-05-25T07:19:20","guid":{"rendered":"https:\/\/saaris.de\/?p=47581"},"modified":"2023-05-25T09:18:35","modified_gmt":"2023-05-25T07:18:35","slug":"eberspaecher-transformation-und-wachstum-kennzeichnen-geschaeftsjahr","status":"publish","type":"post","link":"https:\/\/saaris.de\/fr\/eberspaecher-transformation-und-wachstum-kennzeichnen-geschaeftsjahr\/","title":{"rendered":"Ebersp\u00e4cher: Transformation und Wachstum kennzeichnen Gesch\u00e4ftsjahr"},"content":{"rendered":"\t\t<div data-elementor-type=\"wp-post\" data-elementor-id=\"47581\" class=\"elementor elementor-47581\" data-elementor-post-type=\"post\">\n\t\t\t\t\t\t<section class=\"elementor-section elementor-top-section elementor-element elementor-element-699786d5 elementor-section-boxed elementor-section-height-default elementor-section-height-default\" data-id=\"699786d5\" data-element_type=\"section\" data-e-type=\"section\">\n\t\t\t\t\t\t<div class=\"elementor-container elementor-column-gap-default\">\n\t\t\t\t\t<div class=\"elementor-column elementor-col-100 elementor-top-column elementor-element elementor-element-62939082\" data-id=\"62939082\" data-element_type=\"column\" data-e-type=\"column\">\n\t\t\t<div class=\"elementor-widget-wrap elementor-element-populated\">\n\t\t\t\t\t\t<div class=\"elementor-element elementor-element-7362bacf elementor-widget elementor-widget-text-editor\" data-id=\"7362bacf\" data-element_type=\"widget\" data-e-type=\"widget\" data-widget_type=\"text-editor.default\">\n\t\t\t\t<div class=\"elementor-widget-container\">\n\t\t\t\t\t\t\t\t\t<p>In einem von wirtschaftlichen Herausforderungen gepr\u00e4gten Gesch\u00e4ftsjahr 2022 treibt die Ebersp\u00e4cher Gruppe die Transformation weiter voran. Die Unternehmensgruppe schloss das Jahr mit einem Nettoumsatz von 2,7 Mrd. Euro (Vj. 2,3 Mrd. Euro, +19,9 %) ab. Der Bruttoumsatz erh\u00f6hte sich auf 6,4 Mrd. Euro (Vj. 6,0 Mrd. Euro, +7,3 %). In einem volatilen Marktumfeld nahm die Transformation der Automobilbranche enorm an Tempo auf. Dies erforderte weitere Investitionen in die Zukunft und zugleich schnelles Handeln auf Basis effizienter Produkte.<\/p><p>Die Unternehmensgruppe wuchs mit Produkten f\u00fcr klassische und alternative Antriebsformen. In Europa waren insbesondere in den letzten Monaten des Jahres 2022 komplexere Abgasanlagen f\u00fcr die Produktion h\u00f6herwertiger Fahrzeuge gefragt.<\/p>\n<p>F\u00fcr k\u00fcnftige Emissionsnormen, wie Euro 7 und ihre globalen Pendants, wurden neue Produkte entwickelt. Das Know-how aus der Abgastechnik wird ebenso f\u00fcr neue Technologien genutzt: Purem by Ebersp\u00e4cher bietet Komponenten f\u00fcr Brennstoffzellen-Anwendungen und den Wasserstoffmotor. Ein deutliches Wachstumspotential bietet auch der gruppenweite Bereich der Brennstoffzellen-Anwendungen in den kommenden Jahren.<\/p>\n<p>In der Division Climate Control Systems lag der Umsatz mit 721,1 Mio. Euro (Vj. 604,2 Mio. Euro) erheblich \u00fcber dem Vorjahresniveau. Rund 88 % der Ums\u00e4tze wurden dabei mit Produkten, die unabh\u00e4ngig vom Pkw-Verbrennungsmotor sind, erzielt. Gr\u00f6\u00dfter Treiber waren elektrische Fahrzeugheizungen, die insbesondere in der E Mobilit\u00e4t Einsatz finden. Sie sch\u00fctzen die Traktionsbatterie von E-Fahrzeugen bei kaltem Wetter und temperieren den Innenraum. Der Markt f\u00fcr Klimasysteme f\u00fcr Busse erholte sich, w\u00e4hrend die Ums\u00e4tze mit brennstoffbetriebenen Heizungen merklich r\u00fcckl\u00e4ufig waren. Bei elektrisch betriebenen Klimal\u00f6sungen profitierte der Bereich von neuen Langzeitauftr\u00e4gen und Tender im florierenden Gesch\u00e4ft der Reisemobile, Utility Fahrzeuge und Baumaschinen. In 2022 wurden neue Technologien wie das Energiemanagementsystem Xellstor pr\u00e4sentiert. Dieses stellt elektrische Energie unabh\u00e4ngig vom Stromnetz u. a. f\u00fcr Reisemobile, Ambulanzen oder Werkstattwagen zur Verf\u00fcgung.<\/p>\n<p>Im Bereich der Fahrzeugelektronik (Division Automotive Controls) konnte der Umsatz mit 64,0 Mio. Euro (Vj. 47,1 Mio. Euro) um rund 36 % gesteigert werden. Allerdings hemmten der Halbleitermangel und St\u00f6rungen in den Lieferketten den Bereich deutlich. Neben sogenannten Smart Switches, die die Stromversorgung in autonomen oder E-Fahrzeugen regeln, sind neue Batteriemanagement-Systeme (BMS) f\u00fcr 12-V-Lithium-Ionen-Batterien ein neues, vielversprechendes Produktfeld. Diese sorgen k\u00fcnftig in mehreren Fahrzeugreihen f\u00fcr eine CO2-Reduktion.<\/p>\n<p>Ausf\u00fchrliche weitere Informationen auch zum machhaltigen Handeln und einen Ausblick finden Sie <a href=\"https:\/\/www.eberspaecher.com\/presse\/pressemitteilungen\/einzelansicht\/transformation-und-wachstum-kennzeichnen-geschaeftsjahr\" target=\"_blank\" rel=\"noopener\">hier<\/a> in der Originalver\u00f6ffentlichung.<\/p>\n<p>Auf dem Bild ein Blick in die Produktion am Standort Neunkirchen. Wachstum mit der sauberen Mobilit\u00e4t bei klassischen Antrieben \u2013 die Division Purem by Ebersp\u00e4cher konnte Umsatzzuw\u00e4chse in allen globalen Absatzm\u00e4rkten erzielen.<\/p>\t\t\t\t\t\t\t\t<\/div>\n\t\t\t\t<\/div>\n\t\t\t\t\t<\/div>\n\t\t<\/div>\n\t\t\t\t\t<\/div>\n\t\t<\/section>\n\t\t\t\t<\/div>\n\t\t","protected":false},"excerpt":{"rendered":"<p>In einem von wirtschaftlichen Herausforderungen gepr\u00e4gten Gesch\u00e4ftsjahr 2022 treibt die Ebersp\u00e4cher Gruppe die Transformation weiter voran. Die Unternehmensgruppe schloss das [&hellip;]<\/p>\n","protected":false},"author":34,"featured_media":47695,"comment_status":"closed","ping_status":"closed","sticky":false,"template":"","format":"standard","meta":{"_acf_changed":false,"footnotes":""},"categories":[453],"class_list":["post-47581","post","type-post","status-publish","format-standard","has-post-thumbnail","hentry","category-automotive","news-branchen-automotive","news-themen-standort-attraktivitaet","news-themen-technologie-und-innovation"],"acf":[],"yoast_head":"<!-- This site is optimized with the Yoast SEO plugin v27.4 - https:\/\/yoast.com\/product\/yoast-seo-wordpress\/ -->\n<title>Ebersp\u00e4cher: Transformation und Wachstum kennzeichnen Gesch\u00e4ftsjahr<\/title>\n<meta name=\"robots\" content=\"index, follow, max-snippet:-1, max-image-preview:large, max-video-preview:-1\" \/>\n<link rel=\"canonical\" href=\"https:\/\/saaris.de\/fr\/eberspaecher-transformation-und-wachstum-kennzeichnen-geschaeftsjahr\/\" \/>\n<meta property=\"og:locale\" content=\"fr_FR\" \/>\n<meta property=\"og:type\" content=\"article\" \/>\n<meta property=\"og:title\" content=\"Ebersp\u00e4cher: Transformation und Wachstum kennzeichnen Gesch\u00e4ftsjahr\" \/>\n<meta property=\"og:description\" content=\"In einem von wirtschaftlichen Herausforderungen gepr\u00e4gten Gesch\u00e4ftsjahr 2022 treibt die Ebersp\u00e4cher Gruppe die Transformation weiter voran. Die Unternehmensgruppe schloss das [&hellip;]\" \/>\n<meta property=\"og:url\" content=\"https:\/\/saaris.de\/fr\/eberspaecher-transformation-und-wachstum-kennzeichnen-geschaeftsjahr\/\" \/>\n<meta property=\"og:site_name\" content=\"saaris\" \/>\n<meta property=\"article:publisher\" content=\"https:\/\/www.facebook.com\/saaris\" \/>\n<meta property=\"article:published_time\" content=\"2023-05-25T07:19:20+00:00\" \/>\n<meta property=\"og:image\" content=\"https:\/\/saaris.de\/wp-content\/uploads\/2023\/05\/EbK.png\" \/>\n\t<meta property=\"og:image:width\" content=\"400\" \/>\n\t<meta property=\"og:image:height\" content=\"300\" \/>\n\t<meta property=\"og:image:type\" content=\"image\/png\" \/>\n<meta name=\"author\" content=\"bahartmann\" \/>\n<meta name=\"twitter:card\" content=\"summary_large_image\" \/>\n<meta name=\"twitter:creator\" content=\"@saaris_ikt\" \/>\n<meta name=\"twitter:site\" content=\"@saaris_ikt\" \/>\n<meta name=\"twitter:label1\" content=\"\u00c9crit par\" \/>\n\t<meta name=\"twitter:data1\" content=\"bahartmann\" \/>\n\t<meta name=\"twitter:label2\" content=\"Dur\u00e9e de lecture estim\u00e9e\" \/>\n\t<meta name=\"twitter:data2\" content=\"2 minutes\" \/>\n<script type=\"application\/ld+json\" class=\"yoast-schema-graph\">{\"@context\":\"https:\\\/\\\/schema.org\",\"@graph\":[{\"@type\":\"Article\",\"@id\":\"https:\\\/\\\/saaris.de\\\/fr\\\/eberspaecher-transformation-und-wachstum-kennzeichnen-geschaeftsjahr\\\/#article\",\"isPartOf\":{\"@id\":\"https:\\\/\\\/saaris.de\\\/fr\\\/eberspaecher-transformation-und-wachstum-kennzeichnen-geschaeftsjahr\\\/\"},\"author\":{\"name\":\"bahartmann\",\"@id\":\"https:\\\/\\\/saaris.de\\\/fr\\\/#\\\/schema\\\/person\\\/ad2c3b6695996756a4e8c0f492503753\"},\"headline\":\"Ebersp\u00e4cher: Transformation und Wachstum kennzeichnen Gesch\u00e4ftsjahr\",\"datePublished\":\"2023-05-25T07:19:20+00:00\",\"mainEntityOfPage\":{\"@id\":\"https:\\\/\\\/saaris.de\\\/fr\\\/eberspaecher-transformation-und-wachstum-kennzeichnen-geschaeftsjahr\\\/\"},\"wordCount\":424,\"publisher\":{\"@id\":\"https:\\\/\\\/saaris.de\\\/fr\\\/#organization\"},\"image\":{\"@id\":\"https:\\\/\\\/saaris.de\\\/fr\\\/eberspaecher-transformation-und-wachstum-kennzeichnen-geschaeftsjahr\\\/#primaryimage\"},\"thumbnailUrl\":\"https:\\\/\\\/saaris.de\\\/wp-content\\\/uploads\\\/2023\\\/05\\\/EbK.png\",\"articleSection\":[\"automotive\"],\"inLanguage\":\"fr-FR\"},{\"@type\":\"WebPage\",\"@id\":\"https:\\\/\\\/saaris.de\\\/fr\\\/eberspaecher-transformation-und-wachstum-kennzeichnen-geschaeftsjahr\\\/\",\"url\":\"https:\\\/\\\/saaris.de\\\/fr\\\/eberspaecher-transformation-und-wachstum-kennzeichnen-geschaeftsjahr\\\/\",\"name\":\"Ebersp\u00e4cher: Transformation und Wachstum kennzeichnen Gesch\u00e4ftsjahr\",\"isPartOf\":{\"@id\":\"https:\\\/\\\/saaris.de\\\/fr\\\/#website\"},\"primaryImageOfPage\":{\"@id\":\"https:\\\/\\\/saaris.de\\\/fr\\\/eberspaecher-transformation-und-wachstum-kennzeichnen-geschaeftsjahr\\\/#primaryimage\"},\"image\":{\"@id\":\"https:\\\/\\\/saaris.de\\\/fr\\\/eberspaecher-transformation-und-wachstum-kennzeichnen-geschaeftsjahr\\\/#primaryimage\"},\"thumbnailUrl\":\"https:\\\/\\\/saaris.de\\\/wp-content\\\/uploads\\\/2023\\\/05\\\/EbK.png\",\"datePublished\":\"2023-05-25T07:19:20+00:00\",\"breadcrumb\":{\"@id\":\"https:\\\/\\\/saaris.de\\\/fr\\\/eberspaecher-transformation-und-wachstum-kennzeichnen-geschaeftsjahr\\\/#breadcrumb\"},\"inLanguage\":\"fr-FR\",\"potentialAction\":[{\"@type\":\"ReadAction\",\"target\":[\"https:\\\/\\\/saaris.de\\\/fr\\\/eberspaecher-transformation-und-wachstum-kennzeichnen-geschaeftsjahr\\\/\"]}]},{\"@type\":\"ImageObject\",\"inLanguage\":\"fr-FR\",\"@id\":\"https:\\\/\\\/saaris.de\\\/fr\\\/eberspaecher-transformation-und-wachstum-kennzeichnen-geschaeftsjahr\\\/#primaryimage\",\"url\":\"https:\\\/\\\/saaris.de\\\/wp-content\\\/uploads\\\/2023\\\/05\\\/EbK.png\",\"contentUrl\":\"https:\\\/\\\/saaris.de\\\/wp-content\\\/uploads\\\/2023\\\/05\\\/EbK.png\",\"width\":400,\"height\":300},{\"@type\":\"BreadcrumbList\",\"@id\":\"https:\\\/\\\/saaris.de\\\/fr\\\/eberspaecher-transformation-und-wachstum-kennzeichnen-geschaeftsjahr\\\/#breadcrumb\",\"itemListElement\":[{\"@type\":\"ListItem\",\"position\":1,\"name\":\"Home\",\"item\":\"https:\\\/\\\/saaris.de\\\/fr\\\/\"},{\"@type\":\"ListItem\",\"position\":2,\"name\":\"Ebersp\u00e4cher: Transformation und Wachstum kennzeichnen Gesch\u00e4ftsjahr\"}]},{\"@type\":\"WebSite\",\"@id\":\"https:\\\/\\\/saaris.de\\\/fr\\\/#website\",\"url\":\"https:\\\/\\\/saaris.de\\\/fr\\\/\",\"name\":\"saaris\",\"description\":\"saarland.innovation&amp;standort e. V.\",\"publisher\":{\"@id\":\"https:\\\/\\\/saaris.de\\\/fr\\\/#organization\"},\"potentialAction\":[{\"@type\":\"SearchAction\",\"target\":{\"@type\":\"EntryPoint\",\"urlTemplate\":\"https:\\\/\\\/saaris.de\\\/fr\\\/?s={search_term_string}\"},\"query-input\":{\"@type\":\"PropertyValueSpecification\",\"valueRequired\":true,\"valueName\":\"search_term_string\"}}],\"inLanguage\":\"fr-FR\"},{\"@type\":\"Organization\",\"@id\":\"https:\\\/\\\/saaris.de\\\/fr\\\/#organization\",\"name\":\"saaris\",\"url\":\"https:\\\/\\\/saaris.de\\\/fr\\\/\",\"logo\":{\"@type\":\"ImageObject\",\"inLanguage\":\"fr-FR\",\"@id\":\"https:\\\/\\\/saaris.de\\\/fr\\\/#\\\/schema\\\/logo\\\/image\\\/\",\"url\":\"https:\\\/\\\/saaris.de\\\/wp-content\\\/uploads\\\/2022\\\/03\\\/saaris-logo-footer.jpg\",\"contentUrl\":\"https:\\\/\\\/saaris.de\\\/wp-content\\\/uploads\\\/2022\\\/03\\\/saaris-logo-footer.jpg\",\"width\":175,\"height\":80,\"caption\":\"saaris\"},\"image\":{\"@id\":\"https:\\\/\\\/saaris.de\\\/fr\\\/#\\\/schema\\\/logo\\\/image\\\/\"},\"sameAs\":[\"https:\\\/\\\/www.facebook.com\\\/saaris\",\"https:\\\/\\\/x.com\\\/saaris_ikt\"]},{\"@type\":\"Person\",\"@id\":\"https:\\\/\\\/saaris.de\\\/fr\\\/#\\\/schema\\\/person\\\/ad2c3b6695996756a4e8c0f492503753\",\"name\":\"bahartmann\"}]}<\/script>\n<!-- \/ Yoast SEO plugin. -->","yoast_head_json":{"title":"Ebersp\u00e4cher: Transformation und Wachstum kennzeichnen Gesch\u00e4ftsjahr","robots":{"index":"index","follow":"follow","max-snippet":"max-snippet:-1","max-image-preview":"max-image-preview:large","max-video-preview":"max-video-preview:-1"},"canonical":"https:\/\/saaris.de\/fr\/eberspaecher-transformation-und-wachstum-kennzeichnen-geschaeftsjahr\/","og_locale":"fr_FR","og_type":"article","og_title":"Ebersp\u00e4cher: Transformation und Wachstum kennzeichnen Gesch\u00e4ftsjahr","og_description":"In einem von wirtschaftlichen Herausforderungen gepr\u00e4gten Gesch\u00e4ftsjahr 2022 treibt die Ebersp\u00e4cher Gruppe die Transformation weiter voran. Die Unternehmensgruppe schloss das [&hellip;]","og_url":"https:\/\/saaris.de\/fr\/eberspaecher-transformation-und-wachstum-kennzeichnen-geschaeftsjahr\/","og_site_name":"saaris","article_publisher":"https:\/\/www.facebook.com\/saaris","article_published_time":"2023-05-25T07:19:20+00:00","og_image":[{"width":400,"height":300,"url":"https:\/\/saaris.de\/wp-content\/uploads\/2023\/05\/EbK.png","type":"image\/png"}],"author":"bahartmann","twitter_card":"summary_large_image","twitter_creator":"@saaris_ikt","twitter_site":"@saaris_ikt","twitter_misc":{"\u00c9crit par":"bahartmann","Dur\u00e9e de lecture estim\u00e9e":"2 minutes"},"schema":{"@context":"https:\/\/schema.org","@graph":[{"@type":"Article","@id":"https:\/\/saaris.de\/fr\/eberspaecher-transformation-und-wachstum-kennzeichnen-geschaeftsjahr\/#article","isPartOf":{"@id":"https:\/\/saaris.de\/fr\/eberspaecher-transformation-und-wachstum-kennzeichnen-geschaeftsjahr\/"},"author":{"name":"bahartmann","@id":"https:\/\/saaris.de\/fr\/#\/schema\/person\/ad2c3b6695996756a4e8c0f492503753"},"headline":"Ebersp\u00e4cher: Transformation und Wachstum kennzeichnen Gesch\u00e4ftsjahr","datePublished":"2023-05-25T07:19:20+00:00","mainEntityOfPage":{"@id":"https:\/\/saaris.de\/fr\/eberspaecher-transformation-und-wachstum-kennzeichnen-geschaeftsjahr\/"},"wordCount":424,"publisher":{"@id":"https:\/\/saaris.de\/fr\/#organization"},"image":{"@id":"https:\/\/saaris.de\/fr\/eberspaecher-transformation-und-wachstum-kennzeichnen-geschaeftsjahr\/#primaryimage"},"thumbnailUrl":"https:\/\/saaris.de\/wp-content\/uploads\/2023\/05\/EbK.png","articleSection":["automotive"],"inLanguage":"fr-FR"},{"@type":"WebPage","@id":"https:\/\/saaris.de\/fr\/eberspaecher-transformation-und-wachstum-kennzeichnen-geschaeftsjahr\/","url":"https:\/\/saaris.de\/fr\/eberspaecher-transformation-und-wachstum-kennzeichnen-geschaeftsjahr\/","name":"Ebersp\u00e4cher: Transformation und Wachstum kennzeichnen Gesch\u00e4ftsjahr","isPartOf":{"@id":"https:\/\/saaris.de\/fr\/#website"},"primaryImageOfPage":{"@id":"https:\/\/saaris.de\/fr\/eberspaecher-transformation-und-wachstum-kennzeichnen-geschaeftsjahr\/#primaryimage"},"image":{"@id":"https:\/\/saaris.de\/fr\/eberspaecher-transformation-und-wachstum-kennzeichnen-geschaeftsjahr\/#primaryimage"},"thumbnailUrl":"https:\/\/saaris.de\/wp-content\/uploads\/2023\/05\/EbK.png","datePublished":"2023-05-25T07:19:20+00:00","breadcrumb":{"@id":"https:\/\/saaris.de\/fr\/eberspaecher-transformation-und-wachstum-kennzeichnen-geschaeftsjahr\/#breadcrumb"},"inLanguage":"fr-FR","potentialAction":[{"@type":"ReadAction","target":["https:\/\/saaris.de\/fr\/eberspaecher-transformation-und-wachstum-kennzeichnen-geschaeftsjahr\/"]}]},{"@type":"ImageObject","inLanguage":"fr-FR","@id":"https:\/\/saaris.de\/fr\/eberspaecher-transformation-und-wachstum-kennzeichnen-geschaeftsjahr\/#primaryimage","url":"https:\/\/saaris.de\/wp-content\/uploads\/2023\/05\/EbK.png","contentUrl":"https:\/\/saaris.de\/wp-content\/uploads\/2023\/05\/EbK.png","width":400,"height":300},{"@type":"BreadcrumbList","@id":"https:\/\/saaris.de\/fr\/eberspaecher-transformation-und-wachstum-kennzeichnen-geschaeftsjahr\/#breadcrumb","itemListElement":[{"@type":"ListItem","position":1,"name":"Home","item":"https:\/\/saaris.de\/fr\/"},{"@type":"ListItem","position":2,"name":"Ebersp\u00e4cher: Transformation und Wachstum kennzeichnen Gesch\u00e4ftsjahr"}]},{"@type":"WebSite","@id":"https:\/\/saaris.de\/fr\/#website","url":"https:\/\/saaris.de\/fr\/","name":"saaris","description":"saarland.innovation&amp;standort e. V.","publisher":{"@id":"https:\/\/saaris.de\/fr\/#organization"},"potentialAction":[{"@type":"SearchAction","target":{"@type":"EntryPoint","urlTemplate":"https:\/\/saaris.de\/fr\/?s={search_term_string}"},"query-input":{"@type":"PropertyValueSpecification","valueRequired":true,"valueName":"search_term_string"}}],"inLanguage":"fr-FR"},{"@type":"Organization","@id":"https:\/\/saaris.de\/fr\/#organization","name":"saaris","url":"https:\/\/saaris.de\/fr\/","logo":{"@type":"ImageObject","inLanguage":"fr-FR","@id":"https:\/\/saaris.de\/fr\/#\/schema\/logo\/image\/","url":"https:\/\/saaris.de\/wp-content\/uploads\/2022\/03\/saaris-logo-footer.jpg","contentUrl":"https:\/\/saaris.de\/wp-content\/uploads\/2022\/03\/saaris-logo-footer.jpg","width":175,"height":80,"caption":"saaris"},"image":{"@id":"https:\/\/saaris.de\/fr\/#\/schema\/logo\/image\/"},"sameAs":["https:\/\/www.facebook.com\/saaris","https:\/\/x.com\/saaris_ikt"]},{"@type":"Person","@id":"https:\/\/saaris.de\/fr\/#\/schema\/person\/ad2c3b6695996756a4e8c0f492503753","name":"bahartmann"}]}},"publishpress_future_workflow_manual_trigger":{"enabledWorkflows":[]},"_links":{"self":[{"href":"https:\/\/saaris.de\/fr\/wp-json\/wp\/v2\/posts\/47581","targetHints":{"allow":["GET"]}}],"collection":[{"href":"https:\/\/saaris.de\/fr\/wp-json\/wp\/v2\/posts"}],"about":[{"href":"https:\/\/saaris.de\/fr\/wp-json\/wp\/v2\/types\/post"}],"author":[{"embeddable":true,"href":"https:\/\/saaris.de\/fr\/wp-json\/wp\/v2\/users\/34"}],"replies":[{"embeddable":true,"href":"https:\/\/saaris.de\/fr\/wp-json\/wp\/v2\/comments?post=47581"}],"version-history":[{"count":7,"href":"https:\/\/saaris.de\/fr\/wp-json\/wp\/v2\/posts\/47581\/revisions"}],"predecessor-version":[{"id":47704,"href":"https:\/\/saaris.de\/fr\/wp-json\/wp\/v2\/posts\/47581\/revisions\/47704"}],"wp:featuredmedia":[{"embeddable":true,"href":"https:\/\/saaris.de\/fr\/wp-json\/wp\/v2\/media\/47695"}],"wp:attachment":[{"href":"https:\/\/saaris.de\/fr\/wp-json\/wp\/v2\/media?parent=47581"}],"wp:term":[{"taxonomy":"category","embeddable":true,"href":"https:\/\/saaris.de\/fr\/wp-json\/wp\/v2\/categories?post=47581"}],"curies":[{"name":"wp","href":"https:\/\/api.w.org\/{rel}","templated":true}]}}