{"id":23442,"date":"2022-09-24T14:43:23","date_gmt":"2022-09-24T12:43:23","guid":{"rendered":"https:\/\/saaris.de\/?p=23442"},"modified":"2023-06-15T10:45:03","modified_gmt":"2023-06-15T08:45:03","slug":"visaar-impulstagung-fuer-virtuelles-arbeiten-im-mittelstand","status":"publish","type":"post","link":"https:\/\/saaris.de\/fr\/visaar-impulstagung-fuer-virtuelles-arbeiten-im-mittelstand\/","title":{"rendered":"ViSAAR \u2013 Impulstagung f\u00fcr Virtuelles Arbeiten im Mittelstand."},"content":{"rendered":"\t\t<div data-elementor-type=\"wp-post\" data-elementor-id=\"23442\" class=\"elementor elementor-23442\" data-elementor-post-type=\"post\">\n\t\t\t\t\t\t<section class=\"elementor-section elementor-top-section elementor-element elementor-element-97c9e7d elementor-section-boxed elementor-section-height-default elementor-section-height-default\" data-id=\"97c9e7d\" data-element_type=\"section\" data-e-type=\"section\">\n\t\t\t\t\t\t<div class=\"elementor-container elementor-column-gap-default\">\n\t\t\t\t\t<div class=\"elementor-column elementor-col-100 elementor-top-column elementor-element elementor-element-6205861\" data-id=\"6205861\" data-element_type=\"column\" data-e-type=\"column\">\n\t\t\t<div class=\"elementor-widget-wrap elementor-element-populated\">\n\t\t\t\t\t\t<div class=\"elementor-element elementor-element-d706b6f elementor-widget elementor-widget-text-editor\" data-id=\"d706b6f\" data-element_type=\"widget\" data-e-type=\"widget\" data-widget_type=\"text-editor.default\">\n\t\t\t\t<div class=\"elementor-widget-container\">\n\t\t\t\t\t\t\t\t\t<p>Auf der ViSAAR Impulstagung zum Virtuellen Arbeiten im Mittelstand tauschten sich rund 80 Teilnehmer aus Wirtschaft, Wissenschaft und Regionalpolitik zum digitalen Wandel der Arbeitswelt aus. Neben Fachvortr\u00e4gen zum Thema virtuelle Arbeitsgestaltung wurden Remote Technologien f\u00fcr den Au\u00dfendienst sowie das Coaching von Mitarbeitenden im Rahmen von Live Demos und Technik Demonstratoren vorgestellt.<\/p><p>In seinem Gru\u00dfwort machte\u00a0<span style=\"font-weight: bolder;\">Prof. Dr. Dirk B\u00e4hre<\/span>\u00a0vom\u00a0<a href=\"https:\/\/zema.de\/\" target=\"_blank\" rel=\"noopener\">Zentrum f\u00fcr Mechatronik und Automatisierungstechnik<\/a>\u00a0(ZeMA) klar, dass der Einsatz virtueller Technologien zur Unterst\u00fctzung der Arbeitsprozesse nicht mehr nur bei den gro\u00dfen Unternehmen, sondern auch im Mittelstand angekommen sei.\u00a0<span style=\"font-weight: bolder;\">Staatssekret\u00e4rin Elena Yorgova-Ramanauskas<\/span>\u00a0vom\u00a0<a href=\"https:\/\/www.saarland.de\/mwide\/DE\/home\/home_node.html\" target=\"_blank\" rel=\"noopener\">Ministerium f\u00fcr Wirtschaft, Innovation, Digitales und Energie Saarland<\/a>\u00a0best\u00e4tigte den anwesenden Unternehmen, dass zahlreiche Firmen durch ihre bisherigen Digitalisierungsaktivit\u00e4ten die beste Ausgangslage h\u00e4tten, um Arbeitsprozesse zunehmend virtuell zu steuern und auszugestalten. Sie versprach: \u201eDie Landesregierung wird ihre F\u00f6rderprogramme und Unterst\u00fctzungsleistungen f\u00fcr den digitalen Wandel der Arbeitswelt in den kommenden Jahren gezielt ausrichten und weiter ausbauen\u201c.<\/p>\t\t\t\t\t\t\t\t<\/div>\n\t\t\t\t<\/div>\n\t\t\t\t<div class=\"elementor-element elementor-element-daf4235 elementor-widget elementor-widget-image\" data-id=\"daf4235\" data-element_type=\"widget\" data-e-type=\"widget\" data-widget_type=\"image.default\">\n\t\t\t\t<div class=\"elementor-widget-container\">\n\t\t\t\t\t\t\t\t\t\t\t\t\t\t\t<img fetchpriority=\"high\" decoding=\"async\" width=\"768\" height=\"512\" src=\"https:\/\/saaris.de\/wp-content\/uploads\/2022\/09\/LilliBreiningerFotograie_ViSaar081-768x512.jpg\" class=\"attachment-medium_large size-medium_large wp-image-23484\" alt=\"\" srcset=\"https:\/\/saaris.de\/wp-content\/uploads\/2022\/09\/LilliBreiningerFotograie_ViSaar081-768x512.jpg 768w, https:\/\/saaris.de\/wp-content\/uploads\/2022\/09\/LilliBreiningerFotograie_ViSaar081-300x200.jpg 300w, https:\/\/saaris.de\/wp-content\/uploads\/2022\/09\/LilliBreiningerFotograie_ViSaar081-1024x683.jpg 1024w, https:\/\/saaris.de\/wp-content\/uploads\/2022\/09\/LilliBreiningerFotograie_ViSaar081-1536x1024.jpg 1536w, https:\/\/saaris.de\/wp-content\/uploads\/2022\/09\/LilliBreiningerFotograie_ViSaar081.jpg 1920w\" sizes=\"(max-width: 768px) 100vw, 768px\" \/>\t\t\t\t\t\t\t\t\t\t\t\t\t\t\t<\/div>\n\t\t\t\t<\/div>\n\t\t\t\t\t<\/div>\n\t\t<\/div>\n\t\t\t\t\t<\/div>\n\t\t<\/section>\n\t\t\t\t<section class=\"elementor-section elementor-top-section elementor-element elementor-element-33bf7f48 elementor-section-boxed elementor-section-height-default elementor-section-height-default\" data-id=\"33bf7f48\" data-element_type=\"section\" data-e-type=\"section\">\n\t\t\t\t\t\t<div class=\"elementor-container elementor-column-gap-default\">\n\t\t\t\t\t<div class=\"elementor-column elementor-col-100 elementor-top-column elementor-element elementor-element-7ea808c5\" data-id=\"7ea808c5\" data-element_type=\"column\" data-e-type=\"column\">\n\t\t\t<div class=\"elementor-widget-wrap elementor-element-populated\">\n\t\t\t\t\t\t<div class=\"elementor-element elementor-element-341f49a5 elementor-widget elementor-widget-text-editor\" data-id=\"341f49a5\" data-element_type=\"widget\" data-e-type=\"widget\" data-widget_type=\"text-editor.default\">\n\t\t\t\t<div class=\"elementor-widget-container\">\n\t\t\t\t\t\t\t\t\t<p><strong><em>Kombination von technischen M\u00f6glichkeiten und sozialen Interaktionen<\/em><\/strong><\/p><p><strong>Dr. Christian Gr\u00fcnwald,\u00a0<\/strong><a href=\"https:\/\/z-punkt.de\/de\/\" target=\"_blank\" rel=\"noopener\">Foresight Director z-Punkt K\u00f6ln<\/a>, gab einen Einblick in die Arbeitswelt von Morgen. Web 3.0, Metaverse oder Ambient Computing sind Schlagworte aus der Informatik, die f\u00fcr die neuen Entwicklungsm\u00f6glichkeiten in der Zukunft stehen. Dreidimensionale Arbeitswelten, die gezielt die menschliche Arbeitst\u00e4tigkeit unterst\u00fctzen sind bereits in Ihrer Umsetzung weit vorangeschritten. Trotzdem sei Arbeit mehr als Technik: \u201eArbeit ist und bleibt eine soziale Interaktion. Arbeitspl\u00e4tze sind und bleiben soziale Begegnungsorte &#8211; egal ob virtuell oder vor Ort\u201c, so der Zukunftsforscher.<\/p><p><strong><em>Drohnen sorgen zuk\u00fcnftig f\u00fcr Fortschrittsentwicklung und Dokumentation <\/em><\/strong><\/p><p><strong>Die\u00a0<\/strong><a href=\"https:\/\/greencells.com\/de\/\" target=\"_blank\" rel=\"noopener\">Greencells GmbH<\/a><strong>\u00a0<\/strong>ist ein Industriepartnerunternehmen des ViSAAR-Projektes. Projektmanager Cyrus Hecker berichtete aus der Praxis des virtuellen Baustellenmonitorings in der Solarindustrie: Drohnen unterst\u00fctzen k\u00fcnftig die das Monitoring und die Dokumentation des Baustellenfortschritts.. Augmented Reality Glasses und virtuelle Werkerf\u00fchrung seien bei funktionierender technischer Infrastruktur und \u00dcbertragungsm\u00f6glichkeiten beim Monitoring und Koordination der Baustelle schon heute m\u00f6glich.<\/p><p><em>Heute realisierbare Kommunikationsanwendungen<\/em><\/p><p>Wie funktioniert das im betrieblichen Alltag? Die Forschungspartner des ViSAAR-Projektes <strong>Tobias Greff und Thomas Schweiss (<\/strong><a href=\"https:\/\/www.aws-institut.de\/\" target=\"_blank\" rel=\"noopener\">August-Wilhelm Scheer Institut AWSi<\/a><strong>)<\/strong> stellten in der Veranstaltung Remote-L\u00f6sungen f\u00fcr den Au\u00dfendienst vor. Virtuelle Inspektion und Fehlerfindung seien mit einer mobilen XR Kommunikationsanwendung wie Augmented Reality Glasses bereits als On Demand Unterst\u00fctzung von Mitarbeitenden am Einsatzort realisierbar.<\/p><p><strong><em>Team bleiben trotz dezentraler und hybrider Zusammenarbeit<\/em><\/strong><\/p><p><strong>Luzie Seeliger von der\u00a0<\/strong><a href=\"https:\/\/www.centigrade.de\/de\" target=\"_blank\" rel=\"noopener\">Centigrade GmbH<\/a>\u00a0zeigte auf, wie Teams trotz dezentraler und hybrider Zusammenarbeit verbunden und motiviert bleiben. Voraussetzung hierf\u00fcr sei ein Wertefundament f\u00fcr die neue Arbeitswelt, das dabei unterst\u00fctzt, die richtigen Mitarbeitenden zu finden, zu motivieren und zu binden. Zudem k\u00f6nne ein Unternehmen sein Office beispielsweise f\u00fcr Team Events oder virtuelle Job Messen digital nachbauen.<\/p><p><strong><em>Weiterbildung und finanzielle F\u00f6rderung<\/em><\/strong><\/p><p>Essentielle Faktoren bei der Umsetzung sind f\u00fcr Unternehmen die Weiterbildung ihrer Mitarbeitenden sowie die Finanzierung der neuen Arbeitswelt. <strong>Matheo Zech (<\/strong><a href=\"https:\/\/www.abat.de\/\" target=\"_blank\" rel=\"noopener\">abat+ GmbH<\/a><strong>)<\/strong> zeigte auf der ViSAAR-Tagung, wie Trainings von Mitarbeitenden an digitalen Zwillingen aus der Produktion oder dem Handwerk durchgef\u00fchrt werden k\u00f6nnen. Dabei k\u00f6nnen virtuelle Zwillinge das ganze Werk simulieren und zu \u00dcbungs- und Testzwecken der Prozessabl\u00e4ufe eingesetzt werden. <strong>Michael Bachmann von der Netzwerkstelle f\u00fcr Digitalisierung in Wirtschaft und Arbeitswelt (<\/strong><a href=\"https:\/\/www.saarland.de\/DE\/portale\/digitalisierung\/digitalisierung-wirtschaft\/dinet\/dinet_node.html\" target=\"_blank\" rel=\"noopener\">DiNet Saarland<\/a><strong>) <\/strong>erl\u00e4uterte, welche M\u00f6glichkeiten sich f\u00fcr KMU bieten, sich ihre Digitalisierungsprojekte finanziell vom Land f\u00f6rdern zu lassen. Vor allem f\u00fcr den Beginn biete sich das <strong>F\u00f6rderprogramm Digitalstarter Saarland<\/strong> an.<\/p><p><strong><em>St\u00e4rkung von Unternehmen sowie die Verbesserung der Arbeitsqualit\u00e4t <\/em><\/strong><\/p><p><strong>Prof. Dr. Volker Hielscher<\/strong> vom<a href=\"https:\/\/www.iso-institut.de\/\" target=\"_blank\" rel=\"noopener\"> Institut f\u00fcr Sozialforschung und Sozialwirtschaft e.V.<\/a>\u00a0beleuchtete die Grundidee und die Chancen von ViSAAR: \u201eMit der Kombination aus technischen Innovationen und einer ausgewogenen betrieblichen Sozialordnung\u00a0 haben Unternehmen beste M\u00f6glichkeiten, sich weiterzuentwickeln und als Gewinner aus der Transformation zu gehen\u201c. Die St\u00e4rkung von Unternehmen sowie die Verbesserung der Arbeitsqualit\u00e4t seien das Ziel des Projektes ViSAAR, das von saaris mitgestaltet wird.<\/p>\t\t\t\t\t\t\t\t<\/div>\n\t\t\t\t<\/div>\n\t\t\t\t\t<\/div>\n\t\t<\/div>\n\t\t\t\t\t<\/div>\n\t\t<\/section>\n\t\t\t\t<section class=\"elementor-section elementor-top-section elementor-element elementor-element-f1c549c elementor-section-boxed elementor-section-height-default elementor-section-height-default\" data-id=\"f1c549c\" data-element_type=\"section\" data-e-type=\"section\">\n\t\t\t\t\t\t<div class=\"elementor-container elementor-column-gap-default\">\n\t\t\t\t\t<div class=\"elementor-column elementor-col-16 elementor-top-column elementor-element elementor-element-65830b6\" data-id=\"65830b6\" data-element_type=\"column\" data-e-type=\"column\">\n\t\t\t<div class=\"elementor-widget-wrap\">\n\t\t\t\t\t\t\t<\/div>\n\t\t<\/div>\n\t\t\t\t<div class=\"elementor-column elementor-col-66 elementor-top-column elementor-element elementor-element-6c1a772\" data-id=\"6c1a772\" data-element_type=\"column\" data-e-type=\"column\">\n\t\t\t<div class=\"elementor-widget-wrap elementor-element-populated\">\n\t\t\t\t\t\t<div class=\"elementor-element elementor-element-e736acd elementor-widget elementor-widget-n49__gallery\" data-id=\"e736acd\" data-element_type=\"widget\" data-e-type=\"widget\" data-widget_type=\"n49__gallery.default\">\n\t\t\t\t<div class=\"elementor-widget-container\">\n\t\t\t\t\t\n        <section class=\"block--gallery\">\n            <div class=\"gallery--inner\">\n                <div class=\"js--gallery-slider\">\n                                    <div><img decoding=\"async\" src=\"https:\/\/saaris.de\/wp-content\/uploads\/2022\/09\/LilliBreiningerFotograie_ViSaar014.jpg\" alt=\"\"><\/div>\n                                    <div><img decoding=\"async\" src=\"https:\/\/saaris.de\/wp-content\/uploads\/2022\/09\/LilliBreiningerFotograie_ViSaar007.jpg\" alt=\"\"><\/div>\n                                    <div><img decoding=\"async\" src=\"https:\/\/saaris.de\/wp-content\/uploads\/2022\/09\/LilliBreiningerFotograie_ViSaar003.jpg\" alt=\"\"><\/div>\n                                    <div><img decoding=\"async\" src=\"https:\/\/saaris.de\/wp-content\/uploads\/2022\/09\/LilliBreiningerFotograie_ViSaar048.jpg\" alt=\"\"><\/div>\n                                    <div><img decoding=\"async\" src=\"https:\/\/saaris.de\/wp-content\/uploads\/2022\/09\/LilliBreiningerFotograie_ViSaar086.jpg\" alt=\"\"><\/div>\n                                    <div><img decoding=\"async\" src=\"https:\/\/saaris.de\/wp-content\/uploads\/2022\/09\/LilliBreiningerFotograie_ViSaar130.jpg\" alt=\"\"><\/div>\n                                    <div><img decoding=\"async\" src=\"https:\/\/saaris.de\/wp-content\/uploads\/2022\/09\/LilliBreiningerFotograie_ViSaar232.jpg\" alt=\"\"><\/div>\n                                    <div><img decoding=\"async\" src=\"https:\/\/saaris.de\/wp-content\/uploads\/2022\/09\/LilliBreiningerFotograie_ViSaar152.jpg\" alt=\"\"><\/div>\n                                    <div><img decoding=\"async\" src=\"https:\/\/saaris.de\/wp-content\/uploads\/2022\/09\/LilliBreiningerFotograie_ViSaar200.jpg\" alt=\"\"><\/div>\n                                    <div><img decoding=\"async\" src=\"https:\/\/saaris.de\/wp-content\/uploads\/2022\/09\/LilliBreiningerFotograie_ViSaar227.jpg\" alt=\"\"><\/div>\n                                    <div><img decoding=\"async\" src=\"https:\/\/saaris.de\/wp-content\/uploads\/2022\/09\/ViSAAR_Tagung_Referent_Schweiss.jpg\" alt=\"\"><\/div>\n                                <\/div>\n            <\/div>\n        <\/section>\n\n        \t\t\t\t<\/div>\n\t\t\t\t<\/div>\n\t\t\t\t\t<\/div>\n\t\t<\/div>\n\t\t\t\t<div class=\"elementor-column elementor-col-16 elementor-top-column elementor-element elementor-element-9c12980\" data-id=\"9c12980\" data-element_type=\"column\" data-e-type=\"column\">\n\t\t\t<div class=\"elementor-widget-wrap\">\n\t\t\t\t\t\t\t<\/div>\n\t\t<\/div>\n\t\t\t\t\t<\/div>\n\t\t<\/section>\n\t\t\t\t<section class=\"elementor-section elementor-top-section elementor-element elementor-element-3ff42ca elementor-section-boxed elementor-section-height-default elementor-section-height-default\" data-id=\"3ff42ca\" data-element_type=\"section\" data-e-type=\"section\">\n\t\t\t\t\t\t<div class=\"elementor-container elementor-column-gap-default\">\n\t\t\t\t\t<div class=\"elementor-column elementor-col-100 elementor-top-column elementor-element elementor-element-04f5948\" data-id=\"04f5948\" data-element_type=\"column\" data-e-type=\"column\">\n\t\t\t<div class=\"elementor-widget-wrap elementor-element-populated\">\n\t\t\t\t\t\t<div class=\"elementor-element elementor-element-c24e4f6 elementor-widget elementor-widget-text-editor\" data-id=\"c24e4f6\" data-element_type=\"widget\" data-e-type=\"widget\" data-widget_type=\"text-editor.default\">\n\t\t\t\t<div class=\"elementor-widget-container\">\n\t\t\t\t\t\t\t\t\t<p style=\"font-size: medium;\"><span style=\"font-weight: bolder;\"><em>Wie geht es weiter?<\/em><\/span><\/p><p style=\"font-size: medium;\">Zum Abschluss gab es noch einen Ausblick in den weiteren Prozess des Projektes ViSAAR. Sieben saarl\u00e4ndische Unternehmen testen dort aktuell unter wissenschaftlicher Begleitung den virtuellen Wandel ausgew\u00e4hlter Arbeitsprozesse. Im kommenden Jahr werden die Unternehmen Einblicke in ihre Projekte bieten und aus der Praxis berichten. Dazu das Statement des ViSAAR-Mitverantwortlichen und saaris-Mitarbeiter Pascal Thome: \u201eUnsere ViSAAR-Tagung hat gezeigt, welche vielf\u00e4ltigen M\u00f6glichkeiten die virtuelle Arbeitsgestaltung in Zukunft bietet. ViSAAR wird jetzt anhand betrieblicher Umsetzungen aufzeigen, wie neue Arbeitsformen in saarl\u00e4ndischen KMU konkret aussehen k\u00f6nnen.\u201c<\/p>\t\t\t\t\t\t\t\t<\/div>\n\t\t\t\t<\/div>\n\t\t\t\t\t<\/div>\n\t\t<\/div>\n\t\t\t\t\t<\/div>\n\t\t<\/section>\n\t\t\t\t<section class=\"elementor-section elementor-top-section elementor-element elementor-element-12c6432 elementor-section-boxed elementor-section-height-default elementor-section-height-default\" data-id=\"12c6432\" data-element_type=\"section\" data-e-type=\"section\">\n\t\t\t\t\t\t<div class=\"elementor-container elementor-column-gap-default\">\n\t\t\t\t\t<div class=\"elementor-column elementor-col-100 elementor-top-column elementor-element elementor-element-4607610\" data-id=\"4607610\" data-element_type=\"column\" data-e-type=\"column\">\n\t\t\t<div class=\"elementor-widget-wrap elementor-element-populated\">\n\t\t\t\t\t\t<div class=\"elementor-element elementor-element-4d4482d elementor-widget elementor-widget-heading\" data-id=\"4d4482d\" data-element_type=\"widget\" data-e-type=\"widget\" data-widget_type=\"heading.default\">\n\t\t\t\t<div class=\"elementor-widget-container\">\n\t\t\t\t\t<h3 class=\"elementor-heading-title elementor-size-default\">Sie m\u00f6chten mehr \u00fcber ViSAAR erfahren?<\/h3>\t\t\t\t<\/div>\n\t\t\t\t<\/div>\n\t\t\t\t<div class=\"elementor-element elementor-element-31d6fc0 elementor-widget elementor-widget-text-editor\" data-id=\"31d6fc0\" data-element_type=\"widget\" data-e-type=\"widget\" data-widget_type=\"text-editor.default\">\n\t\t\t\t<div class=\"elementor-widget-container\">\n\t\t\t\t\t\t\t\t\t<p><b>Hier bleiben Sie auf dem Laufenden und k\u00f6nnen alle Vortr\u00e4ge der ViSAAR Tagung herunterladen:<\/b><\/p>\t\t\t\t\t\t\t\t<\/div>\n\t\t\t\t<\/div>\n\t\t\t\t\t<\/div>\n\t\t<\/div>\n\t\t\t\t\t<\/div>\n\t\t<\/section>\n\t\t\t\t<section class=\"elementor-section elementor-top-section elementor-element elementor-element-d112f1d elementor-section-boxed elementor-section-height-default elementor-section-height-default\" data-id=\"d112f1d\" data-element_type=\"section\" data-e-type=\"section\">\n\t\t\t\t\t\t<div class=\"elementor-container elementor-column-gap-default\">\n\t\t\t\t\t<div class=\"elementor-column elementor-col-33 elementor-top-column elementor-element elementor-element-21053c2\" data-id=\"21053c2\" data-element_type=\"column\" data-e-type=\"column\">\n\t\t\t<div class=\"elementor-widget-wrap elementor-element-populated\">\n\t\t\t\t\t\t<div class=\"elementor-element elementor-element-64d06a5 elementor-icon-list--layout-traditional elementor-list-item-link-full_width elementor-widget elementor-widget-icon-list\" data-id=\"64d06a5\" data-element_type=\"widget\" data-e-type=\"widget\" data-widget_type=\"icon-list.default\">\n\t\t\t\t<div class=\"elementor-widget-container\">\n\t\t\t\t\t\t\t<ul class=\"elementor-icon-list-items\">\n\t\t\t\t\t\t\t<li class=\"elementor-icon-list-item\">\n\t\t\t\t\t\t\t\t\t\t\t<a href=\"https:\/\/visaar.de\/\">\n\n\t\t\t\t\t\t\t\t\t\t\t\t<span class=\"elementor-icon-list-icon\">\n\t\t\t\t\t\t\t<i aria-hidden=\"true\" class=\"fas fa-laptop\"><\/i>\t\t\t\t\t\t<\/span>\n\t\t\t\t\t\t\t\t\t\t<span class=\"elementor-icon-list-text\">Website<\/span>\n\t\t\t\t\t\t\t\t\t\t\t<\/a>\n\t\t\t\t\t\t\t\t\t<\/li>\n\t\t\t\t\t\t<\/ul>\n\t\t\t\t\t\t<\/div>\n\t\t\t\t<\/div>\n\t\t\t\t\t<\/div>\n\t\t<\/div>\n\t\t\t\t<div class=\"elementor-column elementor-col-33 elementor-top-column elementor-element elementor-element-b470a3a\" data-id=\"b470a3a\" data-element_type=\"column\" data-e-type=\"column\">\n\t\t\t<div class=\"elementor-widget-wrap elementor-element-populated\">\n\t\t\t\t\t\t<div class=\"elementor-element elementor-element-1088818 elementor-icon-list--layout-traditional elementor-list-item-link-full_width elementor-widget elementor-widget-icon-list\" data-id=\"1088818\" data-element_type=\"widget\" data-e-type=\"widget\" data-widget_type=\"icon-list.default\">\n\t\t\t\t<div class=\"elementor-widget-container\">\n\t\t\t\t\t\t\t<ul class=\"elementor-icon-list-items\">\n\t\t\t\t\t\t\t<li class=\"elementor-icon-list-item\">\n\t\t\t\t\t\t\t\t\t\t\t<a href=\"https:\/\/www.facebook.com\/profile.php?id=100070873385248\">\n\n\t\t\t\t\t\t\t\t\t\t\t\t<span class=\"elementor-icon-list-icon\">\n\t\t\t\t\t\t\t<i aria-hidden=\"true\" class=\"fab fa-facebook\"><\/i>\t\t\t\t\t\t<\/span>\n\t\t\t\t\t\t\t\t\t\t<span class=\"elementor-icon-list-text\">facebook<\/span>\n\t\t\t\t\t\t\t\t\t\t\t<\/a>\n\t\t\t\t\t\t\t\t\t<\/li>\n\t\t\t\t\t\t<\/ul>\n\t\t\t\t\t\t<\/div>\n\t\t\t\t<\/div>\n\t\t\t\t\t<\/div>\n\t\t<\/div>\n\t\t\t\t<div class=\"elementor-column elementor-col-33 elementor-top-column elementor-element elementor-element-5aeafa6\" data-id=\"5aeafa6\" data-element_type=\"column\" data-e-type=\"column\">\n\t\t\t<div class=\"elementor-widget-wrap elementor-element-populated\">\n\t\t\t\t\t\t<div class=\"elementor-element elementor-element-3d4af22 elementor-icon-list--layout-traditional elementor-list-item-link-full_width elementor-widget elementor-widget-icon-list\" data-id=\"3d4af22\" data-element_type=\"widget\" data-e-type=\"widget\" data-widget_type=\"icon-list.default\">\n\t\t\t\t<div class=\"elementor-widget-container\">\n\t\t\t\t\t\t\t<ul class=\"elementor-icon-list-items\">\n\t\t\t\t\t\t\t<li class=\"elementor-icon-list-item\">\n\t\t\t\t\t\t\t\t\t\t\t<a href=\"https:\/\/www.linkedin.com\/company\/visaar\/\">\n\n\t\t\t\t\t\t\t\t\t\t\t\t<span class=\"elementor-icon-list-icon\">\n\t\t\t\t\t\t\t<i aria-hidden=\"true\" class=\"fab fa-linkedin\"><\/i>\t\t\t\t\t\t<\/span>\n\t\t\t\t\t\t\t\t\t\t<span class=\"elementor-icon-list-text\">LinkedIn<\/span>\n\t\t\t\t\t\t\t\t\t\t\t<\/a>\n\t\t\t\t\t\t\t\t\t<\/li>\n\t\t\t\t\t\t<\/ul>\n\t\t\t\t\t\t<\/div>\n\t\t\t\t<\/div>\n\t\t\t\t\t<\/div>\n\t\t<\/div>\n\t\t\t\t\t<\/div>\n\t\t<\/section>\n\t\t\t\t<section class=\"elementor-section elementor-top-section elementor-element elementor-element-dda3fcf elementor-section-boxed elementor-section-height-default elementor-section-height-default\" data-id=\"dda3fcf\" data-element_type=\"section\" data-e-type=\"section\">\n\t\t\t\t\t\t<div class=\"elementor-container elementor-column-gap-default\">\n\t\t\t\t\t<div class=\"elementor-column elementor-col-100 elementor-top-column elementor-element elementor-element-9ede21a\" data-id=\"9ede21a\" data-element_type=\"column\" data-e-type=\"column\">\n\t\t\t<div class=\"elementor-widget-wrap elementor-element-populated\">\n\t\t\t\t\t\t<div class=\"elementor-element elementor-element-7f462b9 elementor-widget elementor-widget-spacer\" data-id=\"7f462b9\" data-element_type=\"widget\" data-e-type=\"widget\" data-widget_type=\"spacer.default\">\n\t\t\t\t<div class=\"elementor-widget-container\">\n\t\t\t\t\t\t\t<div class=\"elementor-spacer\">\n\t\t\t<div class=\"elementor-spacer-inner\"><\/div>\n\t\t<\/div>\n\t\t\t\t\t\t<\/div>\n\t\t\t\t<\/div>\n\t\t\t\t\t<\/div>\n\t\t<\/div>\n\t\t\t\t\t<\/div>\n\t\t<\/section>\n\t\t\t\t<section class=\"elementor-section elementor-top-section elementor-element elementor-element-33e24ff elementor-section-boxed elementor-section-height-default elementor-section-height-default\" data-id=\"33e24ff\" data-element_type=\"section\" data-e-type=\"section\">\n\t\t\t\t\t\t<div class=\"elementor-container elementor-column-gap-default\">\n\t\t\t\t\t<div class=\"elementor-column elementor-col-100 elementor-top-column elementor-element elementor-element-11f5814\" data-id=\"11f5814\" data-element_type=\"column\" data-e-type=\"column\">\n\t\t\t<div class=\"elementor-widget-wrap elementor-element-populated\">\n\t\t\t\t\t\t<div class=\"elementor-element elementor-element-83226b5 elementor-widget elementor-widget-n49__logo_slider\" data-id=\"83226b5\" data-element_type=\"widget\" data-e-type=\"widget\" data-widget_type=\"n49__logo_slider.default\">\n\t\t\t\t<div class=\"elementor-widget-container\">\n\t\t\t\t\t\n        <section class=\"block--element has-space block--logos-slider\">\n            <div class=\"content-container\">\n                <div class=\"block--header\">\n                    <h2>Projektpartner<\/h2>\n                    <div class=\"block--show-more\">\n                                            <\/div>\n\n                <\/div>\n\n                <div class=\"logos-slider--container js--logo-slider\">\n                                                                        <div class=\"logo--item\">\n                                <div class=\"logo--image\">\n                                    <a href=\"https:\/\/saaris.de\/\" target=\"_blank\">\n                                        <img decoding=\"async\" src=\"https:\/\/saaris.de\/wp-content\/uploads\/2023\/12\/SAIS_Logo_saar_is_2310_4c_RZ_ZW-e1706708881933.png\" alt=\"\" title=\"SAIS_Logo_saar_is_2310_4c_RZ_ZW\"\/>                                    <\/a>\n                                <\/div>\n                            <\/div>\n                                                    <div class=\"logo--item\">\n                                <div class=\"logo--image\">\n                                    <a href=\"https:\/\/zema.de\/\" target=\"_blank\">\n                                        <img decoding=\"async\" src=\"https:\/\/saaris.de\/wp-content\/uploads\/2022\/03\/ZEMA-Logo.png\" alt=\"\" title=\"ZEMA Logo\"\/>                                    <\/a>\n                                <\/div>\n                            <\/div>\n                                                    <div class=\"logo--item\">\n                                <div class=\"logo--image\">\n                                    <a href=\"https:\/\/www.aws-institut.de\/\" target=\"_blank\">\n                                        <img decoding=\"async\" src=\"https:\/\/saaris.de\/wp-content\/uploads\/2022\/05\/Scheer_Logo.png\" alt=\"\" title=\"Scheer_Logo\"\/>                                    <\/a>\n                                <\/div>\n                            <\/div>\n                                                    <div class=\"logo--item\">\n                                <div class=\"logo--image\">\n                                    <a href=\"https:\/\/www.iso-institut.de\/\" target=\"_blank\">\n                                        <img decoding=\"async\" src=\"https:\/\/saaris.de\/wp-content\/uploads\/2022\/03\/iso-institut.png\" alt=\"\" title=\"iso-institut\"\/>                                    <\/a>\n                                <\/div>\n                            <\/div>\n                                                    <div class=\"logo--item\">\n                                <div class=\"logo--image\">\n                                    <a href=\"https:\/\/www.klimatechnik-debusmann.de\/\" target=\"_blank\">\n                                        <img decoding=\"async\" src=\"https:\/\/saaris.de\/wp-content\/uploads\/2022\/05\/Debusmann.png\" alt=\"\" title=\"Debusmann\"\/>                                    <\/a>\n                                <\/div>\n                            <\/div>\n                                                    <div class=\"logo--item\">\n                                <div class=\"logo--image\">\n                                    <a href=\"https:\/\/greencells.com\/de\/\" target=\"_blank\">\n                                        <img decoding=\"async\" src=\"https:\/\/saaris.de\/wp-content\/uploads\/2022\/05\/greencells.png\" alt=\"\" title=\"greencells\"\/>                                    <\/a>\n                                <\/div>\n                            <\/div>\n                                                    <div class=\"logo--item\">\n                                <div class=\"logo--image\">\n                                    <a href=\"https:\/\/isl-group.eu\/\" target=\"_blank\">\n                                        <img decoding=\"async\" src=\"https:\/\/saaris.de\/wp-content\/uploads\/2022\/05\/isl_Logo.png\" alt=\"\" title=\"isl_Logo\"\/>                                    <\/a>\n                                <\/div>\n                            <\/div>\n                                                    <div class=\"logo--item\">\n                                <div class=\"logo--image\">\n                                    <a href=\"https:\/\/netcomsolutions.de\/\" target=\"_blank\">\n                                        <img decoding=\"async\" src=\"https:\/\/saaris.de\/wp-content\/uploads\/2022\/05\/netcomsultions_Logo-e1658844666323.png\" alt=\"\" title=\"netcomsultions_Logo\"\/>                                    <\/a>\n                                <\/div>\n                            <\/div>\n                                                    <div class=\"logo--item\">\n                                <div class=\"logo--image\">\n                                    <a href=\"https:\/\/www.walor.de\/\" target=\"_blank\">\n                                        <img decoding=\"async\" src=\"https:\/\/saaris.de\/wp-content\/uploads\/2022\/05\/Walor_Logo.png\" alt=\"\" title=\"Walor_Logo\"\/>                                    <\/a>\n                                <\/div>\n                            <\/div>\n                                                    <div class=\"logo--item\">\n                                <div class=\"logo--image\">\n                                    <a href=\"https:\/\/woll-maschinenbau.com\/\" target=\"_blank\">\n                                        <img decoding=\"async\" src=\"https:\/\/saaris.de\/wp-content\/uploads\/2022\/05\/Woll_Logo.png\" alt=\"\" title=\"Woll_Logo\"\/>                                    <\/a>\n                                <\/div>\n                            <\/div>\n                                                                \n                <\/div>\n            <\/div>\n        <\/section>\n\n        \t\t\t\t<\/div>\n\t\t\t\t<\/div>\n\t\t\t\t\t<\/div>\n\t\t<\/div>\n\t\t\t\t\t<\/div>\n\t\t<\/section>\n\t\t\t\t<section class=\"elementor-section elementor-top-section elementor-element elementor-element-f559e92 elementor-section-boxed elementor-section-height-default elementor-section-height-default\" data-id=\"f559e92\" data-element_type=\"section\" data-e-type=\"section\">\n\t\t\t\t\t\t<div class=\"elementor-container elementor-column-gap-default\">\n\t\t\t\t\t<div class=\"elementor-column elementor-col-100 elementor-top-column elementor-element elementor-element-72f479c\" data-id=\"72f479c\" data-element_type=\"column\" data-e-type=\"column\">\n\t\t\t<div class=\"elementor-widget-wrap elementor-element-populated\">\n\t\t\t\t\t\t<div class=\"elementor-element elementor-element-ed72a0c elementor-widget elementor-widget-n49__logo_slider\" data-id=\"ed72a0c\" data-element_type=\"widget\" data-e-type=\"widget\" data-widget_type=\"n49__logo_slider.default\">\n\t\t\t\t<div class=\"elementor-widget-container\">\n\t\t\t\t\t\n        <section class=\"block--element has-space block--logos-slider\">\n            <div class=\"content-container\">\n                <div class=\"block--header\">\n                    <h2>F\u00f6rderer<\/h2>\n                    <div class=\"block--show-more\">\n                                            <\/div>\n\n                <\/div>\n\n                <div class=\"logos-slider--container js--logo-slider\">\n                                                                        <div class=\"logo--item\">\n                                <div class=\"logo--image\">\n                                    <a href=\"https:\/\/www.bmbf.de\/bmbf\/de\/home\/home_node.html\" target=\"_blank\">\n                                        <img decoding=\"async\" src=\"https:\/\/saaris.de\/wp-content\/uploads\/2022\/03\/BMBF_Logo.jpg\" alt=\"Logo des Bundesministeriums f\u00fcr Bildung und Forschung\" title=\"BMBF_Logo\"\/>                                    <\/a>\n                                <\/div>\n                            <\/div>\n                                                    <div class=\"logo--item\">\n                                <div class=\"logo--image\">\n                                    <a href=\"https:\/\/www.innovation-strukturwandel.de\/strukturwandel\/de\/innovation-strukturwandel\/innovation-strukturwandel_node.html\" target=\"_blank\">\n                                        <img decoding=\"async\" src=\"https:\/\/saaris.de\/wp-content\/uploads\/2022\/05\/innovation_Strukturwandel_Logo.png\" alt=\"\" title=\"innovation_Strukturwandel_Logo\"\/>                                    <\/a>\n                                <\/div>\n                            <\/div>\n                                                    <div class=\"logo--item\">\n                                <div class=\"logo--image\">\n                                    <a href=\"https:\/\/www.innovation-strukturwandel.de\/strukturwandel\/de\/innovation-strukturwandel\/region-innovativ\/region-innovativ_node.html\" target=\"_blank\">\n                                        <img decoding=\"async\" src=\"https:\/\/saaris.de\/wp-content\/uploads\/2022\/05\/region.innovation_Logo.png\" alt=\"\" title=\"region.innovation_Logo\"\/>                                    <\/a>\n                                <\/div>\n                            <\/div>\n                                                                \n                <\/div>\n            <\/div>\n        <\/section>\n\n        \t\t\t\t<\/div>\n\t\t\t\t<\/div>\n\t\t\t\t\t<\/div>\n\t\t<\/div>\n\t\t\t\t\t<\/div>\n\t\t<\/section>\n\t\t\t\t<section class=\"elementor-section elementor-top-section elementor-element elementor-element-0a3d419 elementor-section-boxed elementor-section-height-default elementor-section-height-default\" data-id=\"0a3d419\" data-element_type=\"section\" data-e-type=\"section\">\n\t\t\t\t\t\t<div class=\"elementor-container elementor-column-gap-default\">\n\t\t\t\t\t<div class=\"elementor-column elementor-col-100 elementor-top-column elementor-element elementor-element-940ba87\" data-id=\"940ba87\" data-element_type=\"column\" data-e-type=\"column\">\n\t\t\t<div class=\"elementor-widget-wrap elementor-element-populated\">\n\t\t\t\t\t\t<div class=\"elementor-element elementor-element-7c98052 elementor-widget elementor-widget-heading\" data-id=\"7c98052\" data-element_type=\"widget\" data-e-type=\"widget\" data-widget_type=\"heading.default\">\n\t\t\t\t<div class=\"elementor-widget-container\">\n\t\t\t\t\t<h2 class=\"elementor-heading-title elementor-size-default\">Ihr Ansprechpartner:<\/h2>\t\t\t\t<\/div>\n\t\t\t\t<\/div>\n\t\t\t\t\t<\/div>\n\t\t<\/div>\n\t\t\t\t\t<\/div>\n\t\t<\/section>\n\t\t\t\t<section class=\"elementor-section elementor-top-section elementor-element elementor-element-0b5cbf0 elementor-section-boxed elementor-section-height-default elementor-section-height-default\" data-id=\"0b5cbf0\" data-element_type=\"section\" data-e-type=\"section\">\n\t\t\t\t\t\t<div class=\"elementor-container elementor-column-gap-default\">\n\t\t\t\t\t<div class=\"elementor-column elementor-col-100 elementor-top-column elementor-element elementor-element-d4f7b5d\" data-id=\"d4f7b5d\" data-element_type=\"column\" data-e-type=\"column\">\n\t\t\t<div class=\"elementor-widget-wrap elementor-element-populated\">\n\t\t\t\t\t\t<div class=\"elementor-element elementor-element-5f1ea31 elementor-widget elementor-widget-n49__contact_item\" data-id=\"5f1ea31\" data-element_type=\"widget\" data-e-type=\"widget\" data-widget_type=\"n49__contact_item.default\">\n\t\t\t\t<div class=\"elementor-widget-container\">\n\t\t\t\t\t\n                <div class=\"block--contact-item\">\n            <div class=\"contact-item\">\n                <img decoding=\"async\" src=\"https:\/\/saaris.de\/wp-content\/uploads\/2022\/05\/Saaris-29795-klein-e1651572596723.jpg\" alt=\"Max Mustermann\">                <div>\n                    <span class=\"t-title\">Pascal Thome<\/span>\n                    <span class=\"t-position\">Leitung Technologietransfer<\/span>\n\n                    <span class=\"t-tel\">0681 210 66 205<\/span>\n                    <a class=\"t-email\"\n                       href=\"mailto:pascal.thome@saaris.saarland\">pascal.thome@saaris.saarland<\/a>\n                <\/div>\n\n            <\/div>\n        <\/div>\n    \n        \n\n        \t\t\t\t<\/div>\n\t\t\t\t<\/div>\n\t\t\t\t\t<\/div>\n\t\t<\/div>\n\t\t\t\t\t<\/div>\n\t\t<\/section>\n\t\t\t\t<section class=\"elementor-section elementor-top-section elementor-element elementor-element-2e763de elementor-section-boxed elementor-section-height-default elementor-section-height-default\" data-id=\"2e763de\" data-element_type=\"section\" data-e-type=\"section\">\n\t\t\t\t\t\t<div class=\"elementor-container elementor-column-gap-default\">\n\t\t\t\t\t<div class=\"elementor-column elementor-col-100 elementor-top-column elementor-element elementor-element-42f7935\" data-id=\"42f7935\" data-element_type=\"column\" data-e-type=\"column\">\n\t\t\t<div class=\"elementor-widget-wrap elementor-element-populated\">\n\t\t\t\t\t\t<div class=\"elementor-element elementor-element-9659803 elementor-widget elementor-widget-spacer\" data-id=\"9659803\" data-element_type=\"widget\" data-e-type=\"widget\" data-widget_type=\"spacer.default\">\n\t\t\t\t<div class=\"elementor-widget-container\">\n\t\t\t\t\t\t\t<div class=\"elementor-spacer\">\n\t\t\t<div class=\"elementor-spacer-inner\"><\/div>\n\t\t<\/div>\n\t\t\t\t\t\t<\/div>\n\t\t\t\t<\/div>\n\t\t\t\t\t<\/div>\n\t\t<\/div>\n\t\t\t\t\t<\/div>\n\t\t<\/section>\n\t\t\t\t<\/div>\n\t\t","protected":false},"excerpt":{"rendered":"<p>Auf der ViSAAR Impulstagung zum Virtuellen Arbeiten im Mittelstand tauschten sich rund 80 Teilnehmer aus Wirtschaft, Wissenschaft und Regionalpolitik zum [&hellip;]<\/p>\n","protected":false},"author":34,"featured_media":23489,"comment_status":"closed","ping_status":"closed","sticky":false,"template":"","format":"standard","meta":{"_acf_changed":false,"footnotes":""},"categories":[346,1],"class_list":["post-23442","post","type-post","status-publish","format-standard","has-post-thumbnail","hentry","category-ikt","category-unkategorisiert","news-branchen-automotive","news-branchen-industrie-und-vearbeitendendes-gewerbe","news-branchen-logistik","news-themen-arbeitgeber-attraktivitaet","news-themen-gruenden-und-staerken","news-themen-technologie-und-innovation"],"acf":[],"yoast_head":"<!-- This site is optimized with the Yoast SEO plugin v27.4 - https:\/\/yoast.com\/product\/yoast-seo-wordpress\/ -->\n<title>ViSAAR \u2013 Impulstagung f\u00fcr Virtuelles Arbeiten im Mittelstand. Zuk\u00fcnftige Arbeitswelt im Saarland mit ViSAAR<\/title>\n<meta name=\"description\" content=\"Bei der Gestaltung der zuk\u00fcnftigen Arbeitswelt steht saaris mit Unterst\u00fctzungsleistungen an der Seite kleiner und mittlerer Unternehmen\" \/>\n<meta name=\"robots\" content=\"index, follow, max-snippet:-1, max-image-preview:large, max-video-preview:-1\" \/>\n<link rel=\"canonical\" href=\"https:\/\/saaris.de\/fr\/visaar-impulstagung-fuer-virtuelles-arbeiten-im-mittelstand\/\" \/>\n<meta property=\"og:locale\" content=\"fr_FR\" \/>\n<meta property=\"og:type\" content=\"article\" \/>\n<meta property=\"og:title\" content=\"ViSAAR \u2013 Impulstagung f\u00fcr Virtuelles Arbeiten im Mittelstand. Zuk\u00fcnftige Arbeitswelt im Saarland mit ViSAAR\" \/>\n<meta property=\"og:description\" content=\"Bei der Gestaltung der zuk\u00fcnftigen Arbeitswelt steht saaris mit Unterst\u00fctzungsleistungen an der Seite kleiner und mittlerer Unternehmen\" \/>\n<meta property=\"og:url\" content=\"https:\/\/saaris.de\/fr\/visaar-impulstagung-fuer-virtuelles-arbeiten-im-mittelstand\/\" \/>\n<meta property=\"og:site_name\" content=\"saaris\" \/>\n<meta property=\"article:publisher\" content=\"https:\/\/www.facebook.com\/saaris\" \/>\n<meta property=\"article:published_time\" content=\"2022-09-24T12:43:23+00:00\" \/>\n<meta property=\"article:modified_time\" content=\"2023-06-15T08:45:03+00:00\" \/>\n<meta property=\"og:image\" content=\"https:\/\/saaris.de\/wp-content\/uploads\/2022\/09\/LilliBreiningerFotograie_ViSaar081.jpg\" \/>\n\t<meta property=\"og:image:width\" content=\"1920\" \/>\n\t<meta property=\"og:image:height\" content=\"1280\" \/>\n\t<meta property=\"og:image:type\" content=\"image\/jpeg\" \/>\n<meta name=\"author\" content=\"bahartmann\" \/>\n<meta name=\"twitter:card\" content=\"summary_large_image\" \/>\n<meta name=\"twitter:creator\" content=\"@saaris_ikt\" \/>\n<meta name=\"twitter:site\" content=\"@saaris_ikt\" \/>\n<meta name=\"twitter:label1\" content=\"\u00c9crit par\" \/>\n\t<meta name=\"twitter:data1\" content=\"bahartmann\" \/>\n\t<meta name=\"twitter:label2\" content=\"Dur\u00e9e de lecture estim\u00e9e\" \/>\n\t<meta name=\"twitter:data2\" content=\"4 minutes\" \/>\n<script type=\"application\/ld+json\" class=\"yoast-schema-graph\">{\"@context\":\"https:\\\/\\\/schema.org\",\"@graph\":[{\"@type\":\"Article\",\"@id\":\"https:\\\/\\\/saaris.de\\\/fr\\\/visaar-impulstagung-fuer-virtuelles-arbeiten-im-mittelstand\\\/#article\",\"isPartOf\":{\"@id\":\"https:\\\/\\\/saaris.de\\\/fr\\\/visaar-impulstagung-fuer-virtuelles-arbeiten-im-mittelstand\\\/\"},\"author\":{\"name\":\"bahartmann\",\"@id\":\"https:\\\/\\\/saaris.de\\\/fr\\\/#\\\/schema\\\/person\\\/ad2c3b6695996756a4e8c0f492503753\"},\"headline\":\"ViSAAR \u2013 Impulstagung f\u00fcr Virtuelles Arbeiten im Mittelstand.\",\"datePublished\":\"2022-09-24T12:43:23+00:00\",\"dateModified\":\"2023-06-15T08:45:03+00:00\",\"mainEntityOfPage\":{\"@id\":\"https:\\\/\\\/saaris.de\\\/fr\\\/visaar-impulstagung-fuer-virtuelles-arbeiten-im-mittelstand\\\/\"},\"wordCount\":789,\"publisher\":{\"@id\":\"https:\\\/\\\/saaris.de\\\/fr\\\/#organization\"},\"image\":{\"@id\":\"https:\\\/\\\/saaris.de\\\/fr\\\/visaar-impulstagung-fuer-virtuelles-arbeiten-im-mittelstand\\\/#primaryimage\"},\"thumbnailUrl\":\"https:\\\/\\\/saaris.de\\\/wp-content\\\/uploads\\\/2022\\\/09\\\/Visaar-Kachel.png\",\"articleSection\":[\"ikt\",\"Unkategorisiert\"],\"inLanguage\":\"fr-FR\"},{\"@type\":\"WebPage\",\"@id\":\"https:\\\/\\\/saaris.de\\\/fr\\\/visaar-impulstagung-fuer-virtuelles-arbeiten-im-mittelstand\\\/\",\"url\":\"https:\\\/\\\/saaris.de\\\/fr\\\/visaar-impulstagung-fuer-virtuelles-arbeiten-im-mittelstand\\\/\",\"name\":\"ViSAAR \u2013 Impulstagung f\u00fcr Virtuelles Arbeiten im Mittelstand. Zuk\u00fcnftige Arbeitswelt im Saarland mit ViSAAR\",\"isPartOf\":{\"@id\":\"https:\\\/\\\/saaris.de\\\/fr\\\/#website\"},\"primaryImageOfPage\":{\"@id\":\"https:\\\/\\\/saaris.de\\\/fr\\\/visaar-impulstagung-fuer-virtuelles-arbeiten-im-mittelstand\\\/#primaryimage\"},\"image\":{\"@id\":\"https:\\\/\\\/saaris.de\\\/fr\\\/visaar-impulstagung-fuer-virtuelles-arbeiten-im-mittelstand\\\/#primaryimage\"},\"thumbnailUrl\":\"https:\\\/\\\/saaris.de\\\/wp-content\\\/uploads\\\/2022\\\/09\\\/Visaar-Kachel.png\",\"datePublished\":\"2022-09-24T12:43:23+00:00\",\"dateModified\":\"2023-06-15T08:45:03+00:00\",\"description\":\"Bei der Gestaltung der zuk\u00fcnftigen Arbeitswelt steht saaris mit Unterst\u00fctzungsleistungen an der Seite kleiner und mittlerer Unternehmen\",\"breadcrumb\":{\"@id\":\"https:\\\/\\\/saaris.de\\\/fr\\\/visaar-impulstagung-fuer-virtuelles-arbeiten-im-mittelstand\\\/#breadcrumb\"},\"inLanguage\":\"fr-FR\",\"potentialAction\":[{\"@type\":\"ReadAction\",\"target\":[\"https:\\\/\\\/saaris.de\\\/fr\\\/visaar-impulstagung-fuer-virtuelles-arbeiten-im-mittelstand\\\/\"]}]},{\"@type\":\"ImageObject\",\"inLanguage\":\"fr-FR\",\"@id\":\"https:\\\/\\\/saaris.de\\\/fr\\\/visaar-impulstagung-fuer-virtuelles-arbeiten-im-mittelstand\\\/#primaryimage\",\"url\":\"https:\\\/\\\/saaris.de\\\/wp-content\\\/uploads\\\/2022\\\/09\\\/Visaar-Kachel.png\",\"contentUrl\":\"https:\\\/\\\/saaris.de\\\/wp-content\\\/uploads\\\/2022\\\/09\\\/Visaar-Kachel.png\",\"width\":400,\"height\":300},{\"@type\":\"BreadcrumbList\",\"@id\":\"https:\\\/\\\/saaris.de\\\/fr\\\/visaar-impulstagung-fuer-virtuelles-arbeiten-im-mittelstand\\\/#breadcrumb\",\"itemListElement\":[{\"@type\":\"ListItem\",\"position\":1,\"name\":\"Home\",\"item\":\"https:\\\/\\\/saaris.de\\\/fr\\\/\"},{\"@type\":\"ListItem\",\"position\":2,\"name\":\"ViSAAR \u2013 Impulstagung f\u00fcr Virtuelles Arbeiten im Mittelstand.\"}]},{\"@type\":\"WebSite\",\"@id\":\"https:\\\/\\\/saaris.de\\\/fr\\\/#website\",\"url\":\"https:\\\/\\\/saaris.de\\\/fr\\\/\",\"name\":\"saaris\",\"description\":\"saarland.innovation&amp;standort e. V.\",\"publisher\":{\"@id\":\"https:\\\/\\\/saaris.de\\\/fr\\\/#organization\"},\"potentialAction\":[{\"@type\":\"SearchAction\",\"target\":{\"@type\":\"EntryPoint\",\"urlTemplate\":\"https:\\\/\\\/saaris.de\\\/fr\\\/?s={search_term_string}\"},\"query-input\":{\"@type\":\"PropertyValueSpecification\",\"valueRequired\":true,\"valueName\":\"search_term_string\"}}],\"inLanguage\":\"fr-FR\"},{\"@type\":\"Organization\",\"@id\":\"https:\\\/\\\/saaris.de\\\/fr\\\/#organization\",\"name\":\"saaris\",\"url\":\"https:\\\/\\\/saaris.de\\\/fr\\\/\",\"logo\":{\"@type\":\"ImageObject\",\"inLanguage\":\"fr-FR\",\"@id\":\"https:\\\/\\\/saaris.de\\\/fr\\\/#\\\/schema\\\/logo\\\/image\\\/\",\"url\":\"https:\\\/\\\/saaris.de\\\/wp-content\\\/uploads\\\/2022\\\/03\\\/saaris-logo-footer.jpg\",\"contentUrl\":\"https:\\\/\\\/saaris.de\\\/wp-content\\\/uploads\\\/2022\\\/03\\\/saaris-logo-footer.jpg\",\"width\":175,\"height\":80,\"caption\":\"saaris\"},\"image\":{\"@id\":\"https:\\\/\\\/saaris.de\\\/fr\\\/#\\\/schema\\\/logo\\\/image\\\/\"},\"sameAs\":[\"https:\\\/\\\/www.facebook.com\\\/saaris\",\"https:\\\/\\\/x.com\\\/saaris_ikt\"]},{\"@type\":\"Person\",\"@id\":\"https:\\\/\\\/saaris.de\\\/fr\\\/#\\\/schema\\\/person\\\/ad2c3b6695996756a4e8c0f492503753\",\"name\":\"bahartmann\"}]}<\/script>\n<!-- \/ Yoast SEO plugin. -->","yoast_head_json":{"title":"ViSAAR \u2013 Impulstagung f\u00fcr Virtuelles Arbeiten im Mittelstand. Zuk\u00fcnftige Arbeitswelt im Saarland mit ViSAAR","description":"Bei der Gestaltung der zuk\u00fcnftigen Arbeitswelt steht saaris mit Unterst\u00fctzungsleistungen an der Seite kleiner und mittlerer Unternehmen","robots":{"index":"index","follow":"follow","max-snippet":"max-snippet:-1","max-image-preview":"max-image-preview:large","max-video-preview":"max-video-preview:-1"},"canonical":"https:\/\/saaris.de\/fr\/visaar-impulstagung-fuer-virtuelles-arbeiten-im-mittelstand\/","og_locale":"fr_FR","og_type":"article","og_title":"ViSAAR \u2013 Impulstagung f\u00fcr Virtuelles Arbeiten im Mittelstand. Zuk\u00fcnftige Arbeitswelt im Saarland mit ViSAAR","og_description":"Bei der Gestaltung der zuk\u00fcnftigen Arbeitswelt steht saaris mit Unterst\u00fctzungsleistungen an der Seite kleiner und mittlerer Unternehmen","og_url":"https:\/\/saaris.de\/fr\/visaar-impulstagung-fuer-virtuelles-arbeiten-im-mittelstand\/","og_site_name":"saaris","article_publisher":"https:\/\/www.facebook.com\/saaris","article_published_time":"2022-09-24T12:43:23+00:00","article_modified_time":"2023-06-15T08:45:03+00:00","og_image":[{"width":1920,"height":1280,"url":"https:\/\/saaris.de\/wp-content\/uploads\/2022\/09\/LilliBreiningerFotograie_ViSaar081.jpg","type":"image\/jpeg"}],"author":"bahartmann","twitter_card":"summary_large_image","twitter_creator":"@saaris_ikt","twitter_site":"@saaris_ikt","twitter_misc":{"\u00c9crit par":"bahartmann","Dur\u00e9e de lecture estim\u00e9e":"4 minutes"},"schema":{"@context":"https:\/\/schema.org","@graph":[{"@type":"Article","@id":"https:\/\/saaris.de\/fr\/visaar-impulstagung-fuer-virtuelles-arbeiten-im-mittelstand\/#article","isPartOf":{"@id":"https:\/\/saaris.de\/fr\/visaar-impulstagung-fuer-virtuelles-arbeiten-im-mittelstand\/"},"author":{"name":"bahartmann","@id":"https:\/\/saaris.de\/fr\/#\/schema\/person\/ad2c3b6695996756a4e8c0f492503753"},"headline":"ViSAAR \u2013 Impulstagung f\u00fcr Virtuelles Arbeiten im Mittelstand.","datePublished":"2022-09-24T12:43:23+00:00","dateModified":"2023-06-15T08:45:03+00:00","mainEntityOfPage":{"@id":"https:\/\/saaris.de\/fr\/visaar-impulstagung-fuer-virtuelles-arbeiten-im-mittelstand\/"},"wordCount":789,"publisher":{"@id":"https:\/\/saaris.de\/fr\/#organization"},"image":{"@id":"https:\/\/saaris.de\/fr\/visaar-impulstagung-fuer-virtuelles-arbeiten-im-mittelstand\/#primaryimage"},"thumbnailUrl":"https:\/\/saaris.de\/wp-content\/uploads\/2022\/09\/Visaar-Kachel.png","articleSection":["ikt","Unkategorisiert"],"inLanguage":"fr-FR"},{"@type":"WebPage","@id":"https:\/\/saaris.de\/fr\/visaar-impulstagung-fuer-virtuelles-arbeiten-im-mittelstand\/","url":"https:\/\/saaris.de\/fr\/visaar-impulstagung-fuer-virtuelles-arbeiten-im-mittelstand\/","name":"ViSAAR \u2013 Impulstagung f\u00fcr Virtuelles Arbeiten im Mittelstand. Zuk\u00fcnftige Arbeitswelt im Saarland mit ViSAAR","isPartOf":{"@id":"https:\/\/saaris.de\/fr\/#website"},"primaryImageOfPage":{"@id":"https:\/\/saaris.de\/fr\/visaar-impulstagung-fuer-virtuelles-arbeiten-im-mittelstand\/#primaryimage"},"image":{"@id":"https:\/\/saaris.de\/fr\/visaar-impulstagung-fuer-virtuelles-arbeiten-im-mittelstand\/#primaryimage"},"thumbnailUrl":"https:\/\/saaris.de\/wp-content\/uploads\/2022\/09\/Visaar-Kachel.png","datePublished":"2022-09-24T12:43:23+00:00","dateModified":"2023-06-15T08:45:03+00:00","description":"Bei der Gestaltung der zuk\u00fcnftigen Arbeitswelt steht saaris mit Unterst\u00fctzungsleistungen an der Seite kleiner und mittlerer Unternehmen","breadcrumb":{"@id":"https:\/\/saaris.de\/fr\/visaar-impulstagung-fuer-virtuelles-arbeiten-im-mittelstand\/#breadcrumb"},"inLanguage":"fr-FR","potentialAction":[{"@type":"ReadAction","target":["https:\/\/saaris.de\/fr\/visaar-impulstagung-fuer-virtuelles-arbeiten-im-mittelstand\/"]}]},{"@type":"ImageObject","inLanguage":"fr-FR","@id":"https:\/\/saaris.de\/fr\/visaar-impulstagung-fuer-virtuelles-arbeiten-im-mittelstand\/#primaryimage","url":"https:\/\/saaris.de\/wp-content\/uploads\/2022\/09\/Visaar-Kachel.png","contentUrl":"https:\/\/saaris.de\/wp-content\/uploads\/2022\/09\/Visaar-Kachel.png","width":400,"height":300},{"@type":"BreadcrumbList","@id":"https:\/\/saaris.de\/fr\/visaar-impulstagung-fuer-virtuelles-arbeiten-im-mittelstand\/#breadcrumb","itemListElement":[{"@type":"ListItem","position":1,"name":"Home","item":"https:\/\/saaris.de\/fr\/"},{"@type":"ListItem","position":2,"name":"ViSAAR \u2013 Impulstagung f\u00fcr Virtuelles Arbeiten im Mittelstand."}]},{"@type":"WebSite","@id":"https:\/\/saaris.de\/fr\/#website","url":"https:\/\/saaris.de\/fr\/","name":"saaris","description":"saarland.innovation&amp;standort e. V.","publisher":{"@id":"https:\/\/saaris.de\/fr\/#organization"},"potentialAction":[{"@type":"SearchAction","target":{"@type":"EntryPoint","urlTemplate":"https:\/\/saaris.de\/fr\/?s={search_term_string}"},"query-input":{"@type":"PropertyValueSpecification","valueRequired":true,"valueName":"search_term_string"}}],"inLanguage":"fr-FR"},{"@type":"Organization","@id":"https:\/\/saaris.de\/fr\/#organization","name":"saaris","url":"https:\/\/saaris.de\/fr\/","logo":{"@type":"ImageObject","inLanguage":"fr-FR","@id":"https:\/\/saaris.de\/fr\/#\/schema\/logo\/image\/","url":"https:\/\/saaris.de\/wp-content\/uploads\/2022\/03\/saaris-logo-footer.jpg","contentUrl":"https:\/\/saaris.de\/wp-content\/uploads\/2022\/03\/saaris-logo-footer.jpg","width":175,"height":80,"caption":"saaris"},"image":{"@id":"https:\/\/saaris.de\/fr\/#\/schema\/logo\/image\/"},"sameAs":["https:\/\/www.facebook.com\/saaris","https:\/\/x.com\/saaris_ikt"]},{"@type":"Person","@id":"https:\/\/saaris.de\/fr\/#\/schema\/person\/ad2c3b6695996756a4e8c0f492503753","name":"bahartmann"}]}},"publishpress_future_workflow_manual_trigger":{"enabledWorkflows":[]},"_links":{"self":[{"href":"https:\/\/saaris.de\/fr\/wp-json\/wp\/v2\/posts\/23442","targetHints":{"allow":["GET"]}}],"collection":[{"href":"https:\/\/saaris.de\/fr\/wp-json\/wp\/v2\/posts"}],"about":[{"href":"https:\/\/saaris.de\/fr\/wp-json\/wp\/v2\/types\/post"}],"author":[{"embeddable":true,"href":"https:\/\/saaris.de\/fr\/wp-json\/wp\/v2\/users\/34"}],"replies":[{"embeddable":true,"href":"https:\/\/saaris.de\/fr\/wp-json\/wp\/v2\/comments?post=23442"}],"version-history":[{"count":1,"href":"https:\/\/saaris.de\/fr\/wp-json\/wp\/v2\/posts\/23442\/revisions"}],"predecessor-version":[{"id":48757,"href":"https:\/\/saaris.de\/fr\/wp-json\/wp\/v2\/posts\/23442\/revisions\/48757"}],"wp:featuredmedia":[{"embeddable":true,"href":"https:\/\/saaris.de\/fr\/wp-json\/wp\/v2\/media\/23489"}],"wp:attachment":[{"href":"https:\/\/saaris.de\/fr\/wp-json\/wp\/v2\/media?parent=23442"}],"wp:term":[{"taxonomy":"category","embeddable":true,"href":"https:\/\/saaris.de\/fr\/wp-json\/wp\/v2\/categories?post=23442"}],"curies":[{"name":"wp","href":"https:\/\/api.w.org\/{rel}","templated":true}]}}