{"id":67525,"date":"2025-09-30T09:43:34","date_gmt":"2025-09-30T07:43:34","guid":{"rendered":"https:\/\/saaris.de\/?p=67525"},"modified":"2025-09-30T09:51:11","modified_gmt":"2025-09-30T07:51:11","slug":"saaris-auf-dem-tag-der-deutschen-einheit","status":"publish","type":"post","link":"https:\/\/saaris.de\/en\/saaris-auf-dem-tag-der-deutschen-einheit\/","title":{"rendered":"saaris auf dem Tag der Deutschen Einheit"},"content":{"rendered":"\t\t<div data-elementor-type=\"wp-post\" data-elementor-id=\"67525\" class=\"elementor elementor-67525\" data-elementor-post-type=\"post\">\n\t\t\t\t\t\t<section class=\"elementor-section elementor-top-section elementor-element elementor-element-2294c9 elementor-section-boxed elementor-section-height-default elementor-section-height-default\" data-id=\"2294c9\" data-element_type=\"section\" data-e-type=\"section\">\n\t\t\t\t\t\t<div class=\"elementor-container elementor-column-gap-default\">\n\t\t\t\t\t<div class=\"elementor-column elementor-col-100 elementor-top-column elementor-element elementor-element-7e76209\" data-id=\"7e76209\" data-element_type=\"column\" data-e-type=\"column\">\n\t\t\t<div class=\"elementor-widget-wrap elementor-element-populated\">\n\t\t\t\t\t\t<div class=\"elementor-element elementor-element-4eac7472 elementor-widget elementor-widget-text-editor\" data-id=\"4eac7472\" data-element_type=\"widget\" data-e-type=\"widget\" data-widget_type=\"text-editor.default\">\n\t\t\t\t<div class=\"elementor-widget-container\">\n\t\t\t\t\t\t\t\t\t<p>In diesem Jahr finden die <strong>Feierlichkeiten<\/strong> zum <strong>Tag der Deutschen Einheit<\/strong> vom 02.10-04.10 im Saarland statt und wir sind beim <strong>B\u00fcrgerfest<\/strong> in Saarbr\u00fccken gleich an mehreren Stellen pr\u00e4sent, um rund um das Thema Mittelstandsf\u00f6rderung im Saarland zu informieren.<\/p><p>Hier finden Sie uns und das erwartet Sie:<\/p><p><strong>1. Themenschwerpunkt<\/strong> <strong>Fachkr\u00e4ftesicherung<\/strong><\/p><p>\ud83d\udccdGemeinschaftsstand mit Germany\u2019s Saarland auf der Zukunft durch Wandel-Meile<\/p><p>Hier vermitteln wir mit interaktiven Spielen f\u00fcr die ganze Familie zentrale Themen wie Gr\u00fcndung, Innovation, Standortvorteile, Fachkr\u00e4ftesicherung &amp; Nachhaltigkeit.<\/p><p><strong>2. Themenschwerpunkt<\/strong> <strong>Technologietransfer<\/strong><\/p><p>\ud83d\udccdGemeinschaftsstand mit unseren Konsortialpartnern vom Mittelstand-Digital Zentrum Saarbr\u00fccken und EDIH Saarland auf der Zukunft durch Wandel-Meile<\/p><p>Wir zeigen, wie Innovation und Wissen aus Hochschulen den Weg in KMU finden \u2013 praxisnah durch Mitmachangebote wie Sprachroboter und Demonstratoren zur KI-gest\u00fctzten Schadenserkennung.<\/p><p><strong>3. Themenschwerpunkt<\/strong> <strong>Kreativwirtschaft<\/strong><\/p><p>\ud83d\udccdMit dem Projekt Dock11 im Erdgeschoss des HDI-Geb\u00e4udes, direkt bei der Blaulichtmeile auf der Wilhelm-Heinrich-Br\u00fccke und am Schauplatz des Apollon Showcase<\/p><p>Dock11 widmet sich in Kooperation mit dem Plastikfabrik Kollektiv dem Thema Kreislaufwirtschaft, ihren Herausforderungen und Potenzialen. Unser Themenabend zeigt, wie essenziell die Kreativwirtschaft f\u00fcr die Schaffung und Etablierung von Kreislaufprozessen ist.<\/p><p>Wir freuen uns auf spannende Begegnungen und ein vielf\u00e4ltiges Programm beim B\u00fcrgerfest in der Landeshauptstadt!\u263a\ufe0f<\/p><p>Hier finden Sie einen genauen <strong>Lageplan<\/strong> der saaris-St\u00e4nde:\u00a0 <a href=\"https:\/\/www.strukturholding.de\/tag-der-deutschen-einheit\/\">https:\/\/www.strukturholding.de\/tag-der-deutschen-einheit\/<\/a><\/p>\t\t\t\t\t\t\t\t<\/div>\n\t\t\t\t<\/div>\n\t\t\t\t\t<\/div>\n\t\t<\/div>\n\t\t\t\t\t<\/div>\n\t\t<\/section>\n\t\t\t\t<section class=\"elementor-section elementor-top-section elementor-element elementor-element-776e44e elementor-section-boxed elementor-section-height-default elementor-section-height-default\" data-id=\"776e44e\" data-element_type=\"section\" data-e-type=\"section\">\n\t\t\t\t\t\t<div class=\"elementor-container elementor-column-gap-default\">\n\t\t\t\t\t<div class=\"elementor-column elementor-col-100 elementor-top-column elementor-element elementor-element-823cdd4\" data-id=\"823cdd4\" data-element_type=\"column\" data-e-type=\"column\">\n\t\t\t<div class=\"elementor-widget-wrap elementor-element-populated\">\n\t\t\t\t\t\t<div class=\"elementor-element elementor-element-ef59b00 elementor-widget elementor-widget-image\" data-id=\"ef59b00\" data-element_type=\"widget\" data-e-type=\"widget\" data-widget_type=\"image.default\">\n\t\t\t\t<div class=\"elementor-widget-container\">\n\t\t\t\t\t\t\t\t\t\t\t\t\t\t\t<img fetchpriority=\"high\" decoding=\"async\" width=\"768\" height=\"508\" src=\"https:\/\/saaris.de\/wp-content\/uploads\/2025\/09\/Teamfoto-TDE-768x508.jpg\" class=\"attachment-medium_large size-medium_large wp-image-67527\" alt=\"\" srcset=\"https:\/\/saaris.de\/wp-content\/uploads\/2025\/09\/Teamfoto-TDE-768x508.jpg 768w, https:\/\/saaris.de\/wp-content\/uploads\/2025\/09\/Teamfoto-TDE-300x198.jpg 300w, https:\/\/saaris.de\/wp-content\/uploads\/2025\/09\/Teamfoto-TDE-1024x677.jpg 1024w, https:\/\/saaris.de\/wp-content\/uploads\/2025\/09\/Teamfoto-TDE-1536x1015.jpg 1536w, https:\/\/saaris.de\/wp-content\/uploads\/2025\/09\/Teamfoto-TDE.jpg 1920w\" sizes=\"(max-width: 768px) 100vw, 768px\" \/>\t\t\t\t\t\t\t\t\t\t\t\t\t\t\t<\/div>\n\t\t\t\t<\/div>\n\t\t\t\t\t<\/div>\n\t\t<\/div>\n\t\t\t\t\t<\/div>\n\t\t<\/section>\n\t\t\t\t<\/div>\n\t\t","protected":false},"excerpt":{"rendered":"<p>In diesem Jahr finden die Feierlichkeiten zum Tag der Deutschen Einheit vom 02.10-04.10 im Saarland statt und wir sind beim [&hellip;]<\/p>\n","protected":false},"author":65,"featured_media":67526,"comment_status":"closed","ping_status":"closed","sticky":false,"template":"","format":"standard","meta":{"_acf_changed":false,"footnotes":""},"categories":[1],"class_list":["post-67525","post","type-post","status-publish","format-standard","has-post-thumbnail","hentry","category-unkategorisiert"],"acf":[],"yoast_head":"<!-- This site is optimized with the Yoast SEO plugin v27.4 - https:\/\/yoast.com\/product\/yoast-seo-wordpress\/ -->\n<title>saaris auf dem Tag der Deutschen Einheit<\/title>\n<meta name=\"robots\" content=\"index, follow, max-snippet:-1, max-image-preview:large, max-video-preview:-1\" \/>\n<link rel=\"canonical\" href=\"https:\/\/saaris.de\/en\/saaris-auf-dem-tag-der-deutschen-einheit\/\" \/>\n<meta property=\"og:locale\" content=\"en_US\" \/>\n<meta property=\"og:type\" content=\"article\" \/>\n<meta property=\"og:title\" content=\"saaris auf dem Tag der Deutschen Einheit\" \/>\n<meta property=\"og:description\" content=\"In diesem Jahr finden die Feierlichkeiten zum Tag der Deutschen Einheit vom 02.10-04.10 im Saarland statt und wir sind beim [&hellip;]\" \/>\n<meta property=\"og:url\" content=\"https:\/\/saaris.de\/en\/saaris-auf-dem-tag-der-deutschen-einheit\/\" \/>\n<meta property=\"og:site_name\" content=\"saaris\" \/>\n<meta property=\"article:publisher\" content=\"https:\/\/www.facebook.com\/saaris\" \/>\n<meta property=\"article:published_time\" content=\"2025-09-30T07:43:34+00:00\" \/>\n<meta property=\"article:modified_time\" content=\"2025-09-30T07:51:11+00:00\" \/>\n<meta property=\"og:image\" content=\"https:\/\/saaris.de\/wp-content\/uploads\/2025\/09\/Teamfoto-TDE.jpg\" \/>\n\t<meta property=\"og:image:width\" content=\"1920\" \/>\n\t<meta property=\"og:image:height\" content=\"1269\" \/>\n\t<meta property=\"og:image:type\" content=\"image\/jpeg\" \/>\n<meta name=\"author\" content=\"lgrund\" \/>\n<meta name=\"twitter:card\" content=\"summary_large_image\" \/>\n<meta name=\"twitter:creator\" content=\"@saaris_ikt\" \/>\n<meta name=\"twitter:site\" content=\"@saaris_ikt\" \/>\n<meta name=\"twitter:label1\" content=\"Written by\" \/>\n\t<meta name=\"twitter:data1\" content=\"lgrund\" \/>\n\t<meta name=\"twitter:label2\" content=\"Est. reading time\" \/>\n\t<meta name=\"twitter:data2\" content=\"2 minutes\" \/>\n<script type=\"application\/ld+json\" class=\"yoast-schema-graph\">{\"@context\":\"https:\\\/\\\/schema.org\",\"@graph\":[{\"@type\":\"Article\",\"@id\":\"https:\\\/\\\/saaris.de\\\/en\\\/saaris-auf-dem-tag-der-deutschen-einheit\\\/#article\",\"isPartOf\":{\"@id\":\"https:\\\/\\\/saaris.de\\\/en\\\/saaris-auf-dem-tag-der-deutschen-einheit\\\/\"},\"author\":{\"name\":\"lgrund\",\"@id\":\"https:\\\/\\\/saaris.de\\\/en\\\/#\\\/schema\\\/person\\\/6a733ce76d6a3431f1ccc94dc8d4a6c0\"},\"headline\":\"saaris auf dem Tag der Deutschen Einheit\",\"datePublished\":\"2025-09-30T07:43:34+00:00\",\"dateModified\":\"2025-09-30T07:51:11+00:00\",\"mainEntityOfPage\":{\"@id\":\"https:\\\/\\\/saaris.de\\\/en\\\/saaris-auf-dem-tag-der-deutschen-einheit\\\/\"},\"wordCount\":223,\"publisher\":{\"@id\":\"https:\\\/\\\/saaris.de\\\/en\\\/#organization\"},\"image\":{\"@id\":\"https:\\\/\\\/saaris.de\\\/en\\\/saaris-auf-dem-tag-der-deutschen-einheit\\\/#primaryimage\"},\"thumbnailUrl\":\"https:\\\/\\\/saaris.de\\\/wp-content\\\/uploads\\\/2025\\\/09\\\/Teamfoto-TDE.jpg\",\"articleSection\":[\"Unkategorisiert\"],\"inLanguage\":\"en-US\"},{\"@type\":\"WebPage\",\"@id\":\"https:\\\/\\\/saaris.de\\\/en\\\/saaris-auf-dem-tag-der-deutschen-einheit\\\/\",\"url\":\"https:\\\/\\\/saaris.de\\\/en\\\/saaris-auf-dem-tag-der-deutschen-einheit\\\/\",\"name\":\"saaris auf dem Tag der Deutschen Einheit\",\"isPartOf\":{\"@id\":\"https:\\\/\\\/saaris.de\\\/en\\\/#website\"},\"primaryImageOfPage\":{\"@id\":\"https:\\\/\\\/saaris.de\\\/en\\\/saaris-auf-dem-tag-der-deutschen-einheit\\\/#primaryimage\"},\"image\":{\"@id\":\"https:\\\/\\\/saaris.de\\\/en\\\/saaris-auf-dem-tag-der-deutschen-einheit\\\/#primaryimage\"},\"thumbnailUrl\":\"https:\\\/\\\/saaris.de\\\/wp-content\\\/uploads\\\/2025\\\/09\\\/Teamfoto-TDE.jpg\",\"datePublished\":\"2025-09-30T07:43:34+00:00\",\"dateModified\":\"2025-09-30T07:51:11+00:00\",\"breadcrumb\":{\"@id\":\"https:\\\/\\\/saaris.de\\\/en\\\/saaris-auf-dem-tag-der-deutschen-einheit\\\/#breadcrumb\"},\"inLanguage\":\"en-US\",\"potentialAction\":[{\"@type\":\"ReadAction\",\"target\":[\"https:\\\/\\\/saaris.de\\\/en\\\/saaris-auf-dem-tag-der-deutschen-einheit\\\/\"]}]},{\"@type\":\"ImageObject\",\"inLanguage\":\"en-US\",\"@id\":\"https:\\\/\\\/saaris.de\\\/en\\\/saaris-auf-dem-tag-der-deutschen-einheit\\\/#primaryimage\",\"url\":\"https:\\\/\\\/saaris.de\\\/wp-content\\\/uploads\\\/2025\\\/09\\\/Teamfoto-TDE.jpg\",\"contentUrl\":\"https:\\\/\\\/saaris.de\\\/wp-content\\\/uploads\\\/2025\\\/09\\\/Teamfoto-TDE.jpg\",\"width\":1920,\"height\":1269},{\"@type\":\"BreadcrumbList\",\"@id\":\"https:\\\/\\\/saaris.de\\\/en\\\/saaris-auf-dem-tag-der-deutschen-einheit\\\/#breadcrumb\",\"itemListElement\":[{\"@type\":\"ListItem\",\"position\":1,\"name\":\"Home\",\"item\":\"https:\\\/\\\/saaris.de\\\/en\\\/\"},{\"@type\":\"ListItem\",\"position\":2,\"name\":\"saaris auf dem Tag der Deutschen Einheit\"}]},{\"@type\":\"WebSite\",\"@id\":\"https:\\\/\\\/saaris.de\\\/en\\\/#website\",\"url\":\"https:\\\/\\\/saaris.de\\\/en\\\/\",\"name\":\"saaris\",\"description\":\"saarland.innovation&amp;standort e. V.\",\"publisher\":{\"@id\":\"https:\\\/\\\/saaris.de\\\/en\\\/#organization\"},\"potentialAction\":[{\"@type\":\"SearchAction\",\"target\":{\"@type\":\"EntryPoint\",\"urlTemplate\":\"https:\\\/\\\/saaris.de\\\/en\\\/?s={search_term_string}\"},\"query-input\":{\"@type\":\"PropertyValueSpecification\",\"valueRequired\":true,\"valueName\":\"search_term_string\"}}],\"inLanguage\":\"en-US\"},{\"@type\":\"Organization\",\"@id\":\"https:\\\/\\\/saaris.de\\\/en\\\/#organization\",\"name\":\"saaris\",\"url\":\"https:\\\/\\\/saaris.de\\\/en\\\/\",\"logo\":{\"@type\":\"ImageObject\",\"inLanguage\":\"en-US\",\"@id\":\"https:\\\/\\\/saaris.de\\\/en\\\/#\\\/schema\\\/logo\\\/image\\\/\",\"url\":\"https:\\\/\\\/saaris.de\\\/wp-content\\\/uploads\\\/2022\\\/03\\\/saaris-logo-footer.jpg\",\"contentUrl\":\"https:\\\/\\\/saaris.de\\\/wp-content\\\/uploads\\\/2022\\\/03\\\/saaris-logo-footer.jpg\",\"width\":175,\"height\":80,\"caption\":\"saaris\"},\"image\":{\"@id\":\"https:\\\/\\\/saaris.de\\\/en\\\/#\\\/schema\\\/logo\\\/image\\\/\"},\"sameAs\":[\"https:\\\/\\\/www.facebook.com\\\/saaris\",\"https:\\\/\\\/x.com\\\/saaris_ikt\"]},{\"@type\":\"Person\",\"@id\":\"https:\\\/\\\/saaris.de\\\/en\\\/#\\\/schema\\\/person\\\/6a733ce76d6a3431f1ccc94dc8d4a6c0\",\"name\":\"lgrund\"}]}<\/script>\n<!-- \/ Yoast SEO plugin. -->","yoast_head_json":{"title":"saaris auf dem Tag der Deutschen Einheit","robots":{"index":"index","follow":"follow","max-snippet":"max-snippet:-1","max-image-preview":"max-image-preview:large","max-video-preview":"max-video-preview:-1"},"canonical":"https:\/\/saaris.de\/en\/saaris-auf-dem-tag-der-deutschen-einheit\/","og_locale":"en_US","og_type":"article","og_title":"saaris auf dem Tag der Deutschen Einheit","og_description":"In diesem Jahr finden die Feierlichkeiten zum Tag der Deutschen Einheit vom 02.10-04.10 im Saarland statt und wir sind beim [&hellip;]","og_url":"https:\/\/saaris.de\/en\/saaris-auf-dem-tag-der-deutschen-einheit\/","og_site_name":"saaris","article_publisher":"https:\/\/www.facebook.com\/saaris","article_published_time":"2025-09-30T07:43:34+00:00","article_modified_time":"2025-09-30T07:51:11+00:00","og_image":[{"width":1920,"height":1269,"url":"https:\/\/saaris.de\/wp-content\/uploads\/2025\/09\/Teamfoto-TDE.jpg","type":"image\/jpeg"}],"author":"lgrund","twitter_card":"summary_large_image","twitter_creator":"@saaris_ikt","twitter_site":"@saaris_ikt","twitter_misc":{"Written by":"lgrund","Est. reading time":"2 minutes"},"schema":{"@context":"https:\/\/schema.org","@graph":[{"@type":"Article","@id":"https:\/\/saaris.de\/en\/saaris-auf-dem-tag-der-deutschen-einheit\/#article","isPartOf":{"@id":"https:\/\/saaris.de\/en\/saaris-auf-dem-tag-der-deutschen-einheit\/"},"author":{"name":"lgrund","@id":"https:\/\/saaris.de\/en\/#\/schema\/person\/6a733ce76d6a3431f1ccc94dc8d4a6c0"},"headline":"saaris auf dem Tag der Deutschen Einheit","datePublished":"2025-09-30T07:43:34+00:00","dateModified":"2025-09-30T07:51:11+00:00","mainEntityOfPage":{"@id":"https:\/\/saaris.de\/en\/saaris-auf-dem-tag-der-deutschen-einheit\/"},"wordCount":223,"publisher":{"@id":"https:\/\/saaris.de\/en\/#organization"},"image":{"@id":"https:\/\/saaris.de\/en\/saaris-auf-dem-tag-der-deutschen-einheit\/#primaryimage"},"thumbnailUrl":"https:\/\/saaris.de\/wp-content\/uploads\/2025\/09\/Teamfoto-TDE.jpg","articleSection":["Unkategorisiert"],"inLanguage":"en-US"},{"@type":"WebPage","@id":"https:\/\/saaris.de\/en\/saaris-auf-dem-tag-der-deutschen-einheit\/","url":"https:\/\/saaris.de\/en\/saaris-auf-dem-tag-der-deutschen-einheit\/","name":"saaris auf dem Tag der Deutschen Einheit","isPartOf":{"@id":"https:\/\/saaris.de\/en\/#website"},"primaryImageOfPage":{"@id":"https:\/\/saaris.de\/en\/saaris-auf-dem-tag-der-deutschen-einheit\/#primaryimage"},"image":{"@id":"https:\/\/saaris.de\/en\/saaris-auf-dem-tag-der-deutschen-einheit\/#primaryimage"},"thumbnailUrl":"https:\/\/saaris.de\/wp-content\/uploads\/2025\/09\/Teamfoto-TDE.jpg","datePublished":"2025-09-30T07:43:34+00:00","dateModified":"2025-09-30T07:51:11+00:00","breadcrumb":{"@id":"https:\/\/saaris.de\/en\/saaris-auf-dem-tag-der-deutschen-einheit\/#breadcrumb"},"inLanguage":"en-US","potentialAction":[{"@type":"ReadAction","target":["https:\/\/saaris.de\/en\/saaris-auf-dem-tag-der-deutschen-einheit\/"]}]},{"@type":"ImageObject","inLanguage":"en-US","@id":"https:\/\/saaris.de\/en\/saaris-auf-dem-tag-der-deutschen-einheit\/#primaryimage","url":"https:\/\/saaris.de\/wp-content\/uploads\/2025\/09\/Teamfoto-TDE.jpg","contentUrl":"https:\/\/saaris.de\/wp-content\/uploads\/2025\/09\/Teamfoto-TDE.jpg","width":1920,"height":1269},{"@type":"BreadcrumbList","@id":"https:\/\/saaris.de\/en\/saaris-auf-dem-tag-der-deutschen-einheit\/#breadcrumb","itemListElement":[{"@type":"ListItem","position":1,"name":"Home","item":"https:\/\/saaris.de\/en\/"},{"@type":"ListItem","position":2,"name":"saaris auf dem Tag der Deutschen Einheit"}]},{"@type":"WebSite","@id":"https:\/\/saaris.de\/en\/#website","url":"https:\/\/saaris.de\/en\/","name":"saaris","description":"saarland.innovation&amp;standort e. V.","publisher":{"@id":"https:\/\/saaris.de\/en\/#organization"},"potentialAction":[{"@type":"SearchAction","target":{"@type":"EntryPoint","urlTemplate":"https:\/\/saaris.de\/en\/?s={search_term_string}"},"query-input":{"@type":"PropertyValueSpecification","valueRequired":true,"valueName":"search_term_string"}}],"inLanguage":"en-US"},{"@type":"Organization","@id":"https:\/\/saaris.de\/en\/#organization","name":"saaris","url":"https:\/\/saaris.de\/en\/","logo":{"@type":"ImageObject","inLanguage":"en-US","@id":"https:\/\/saaris.de\/en\/#\/schema\/logo\/image\/","url":"https:\/\/saaris.de\/wp-content\/uploads\/2022\/03\/saaris-logo-footer.jpg","contentUrl":"https:\/\/saaris.de\/wp-content\/uploads\/2022\/03\/saaris-logo-footer.jpg","width":175,"height":80,"caption":"saaris"},"image":{"@id":"https:\/\/saaris.de\/en\/#\/schema\/logo\/image\/"},"sameAs":["https:\/\/www.facebook.com\/saaris","https:\/\/x.com\/saaris_ikt"]},{"@type":"Person","@id":"https:\/\/saaris.de\/en\/#\/schema\/person\/6a733ce76d6a3431f1ccc94dc8d4a6c0","name":"lgrund"}]}},"publishpress_future_workflow_manual_trigger":{"enabledWorkflows":[]},"_links":{"self":[{"href":"https:\/\/saaris.de\/en\/wp-json\/wp\/v2\/posts\/67525","targetHints":{"allow":["GET"]}}],"collection":[{"href":"https:\/\/saaris.de\/en\/wp-json\/wp\/v2\/posts"}],"about":[{"href":"https:\/\/saaris.de\/en\/wp-json\/wp\/v2\/types\/post"}],"author":[{"embeddable":true,"href":"https:\/\/saaris.de\/en\/wp-json\/wp\/v2\/users\/65"}],"replies":[{"embeddable":true,"href":"https:\/\/saaris.de\/en\/wp-json\/wp\/v2\/comments?post=67525"}],"version-history":[{"count":10,"href":"https:\/\/saaris.de\/en\/wp-json\/wp\/v2\/posts\/67525\/revisions"}],"predecessor-version":[{"id":67541,"href":"https:\/\/saaris.de\/en\/wp-json\/wp\/v2\/posts\/67525\/revisions\/67541"}],"wp:featuredmedia":[{"embeddable":true,"href":"https:\/\/saaris.de\/en\/wp-json\/wp\/v2\/media\/67526"}],"wp:attachment":[{"href":"https:\/\/saaris.de\/en\/wp-json\/wp\/v2\/media?parent=67525"}],"wp:term":[{"taxonomy":"category","embeddable":true,"href":"https:\/\/saaris.de\/en\/wp-json\/wp\/v2\/categories?post=67525"}],"curies":[{"name":"wp","href":"https:\/\/api.w.org\/{rel}","templated":true}]}}