{"id":64698,"date":"2025-04-10T10:30:08","date_gmt":"2025-04-10T08:30:08","guid":{"rendered":"https:\/\/saaris.de\/?p=64698"},"modified":"2025-04-09T15:34:45","modified_gmt":"2025-04-09T13:34:45","slug":"pharmaforum-2025-ein-blick-in-die-medizin-der-zukunft","status":"publish","type":"post","link":"https:\/\/saaris.de\/en\/pharmaforum-2025-ein-blick-in-die-medizin-der-zukunft\/","title":{"rendered":"PharmaForum 2025 \u2013 Ein Blick in die Medizin der Zukunft"},"content":{"rendered":"\t\t<div data-elementor-type=\"wp-post\" data-elementor-id=\"64698\" class=\"elementor elementor-64698\" data-elementor-post-type=\"post\">\n\t\t\t\t\t\t<section class=\"elementor-section elementor-top-section elementor-element elementor-element-67646801 elementor-section-boxed elementor-section-height-default elementor-section-height-default\" data-id=\"67646801\" data-element_type=\"section\" data-e-type=\"section\">\n\t\t\t\t\t\t<div class=\"elementor-container elementor-column-gap-default\">\n\t\t\t\t\t<div class=\"elementor-column elementor-col-100 elementor-top-column elementor-element elementor-element-61610ddb\" data-id=\"61610ddb\" data-element_type=\"column\" data-e-type=\"column\">\n\t\t\t<div class=\"elementor-widget-wrap elementor-element-populated\">\n\t\t\t\t\t\t<div class=\"elementor-element elementor-element-1060511b elementor-widget elementor-widget-text-editor\" data-id=\"1060511b\" data-element_type=\"widget\" data-e-type=\"widget\" data-widget_type=\"text-editor.default\">\n\t\t\t\t<div class=\"elementor-widget-container\">\n\t\t\t\t\t\t\t\t\t<p>Das Saarland war Mitveranstalter des diesj\u00e4hrigen PharmaForums, das am 13. M\u00e4rz 2025 in den Kurhaus-Kolonnaden in Wiesbaden stattfand. Es stand unter dem Motto &#8220;Medizin der Zukunft \u2013 von der Idee zur Anwendung&#8221;, insbesondere mit Blick auf neue Wirkstoffe und innovative Therapien von morgen. In den vergangenen Jahren hat sich das PharmaForum zu einer der zentralen Veranstaltungen in Deutschland zu aktuellen Themen der Gesundheitsforschung entwickelt.<\/p><p>Nach der Er\u00f6ffnung durch den hessischen Wirtschaftsminister Kaweh Mansoori folgte eine Keynote von Dr. Axel C. H\u00fcntelmann von der Medizinischen Universit\u00e4t Wien zum Thema &#8220;Paul Ehrlichs Verm\u00e4chtnis \u2013 Pioniere der Forschung aus historischer Sicht&#8221;. In seinem Vortrag gab er einen \u00dcberblick \u00fcber die bahnbrechenden Arbeiten Paul Ehrlichs in der Farbenchemie, Serumtherapie, Rezeptortheorie und Chemotherapie. Im Anschluss folgte das Pr\u00e4sentationsforum mit Referentinnen und Referenten insbesondere aus den Bundesl\u00e4ndern Hessen, Rheinland-Pfalz und dem Saarland. Von saarl\u00e4ndischer Seite pr\u00e4sentierte Dr. Thomas Velten, <a href=\"https:\/\/www.ibmt.fraunhofer.de\/\" target=\"_blank\" rel=\"noopener\">Fraunhofer-Institut f\u00fcr Biomedizinische Technik (IBMT)<\/a> in Sulzbach und Gesch\u00e4ftsstellenleiter des neuen <a href=\"https:\/\/www.zsi.fraunhofer.de\/\" target=\"_blank\" rel=\"noopener\">Fraunhofer-Zentrums f\u00fcr Sensor-Intelligenz ZSI<\/a>, ein kontaktloses Auslesesystem f\u00fcr Herzmuskelmodelle sowie die Herstellung von 3D-Zellmodellen im medizinischen Kontext. Als zweiter Referent aus dem Saarland stellte Dr. Andreas Kany vom <a href=\"https:\/\/www.helmholtz-hips.de\/de\/\" target=\"_blank\" rel=\"noopener\">Helmholtz-Institut f\u00fcr Pharmazeutische Forschung Saarland (HIPS)<\/a> das Konzept der &#8220;Pathoblocker&#8221; vor, eine innovative Strategie, um Bakterien unsch\u00e4dlich zu machen ohne dabei Antibiotikaresistenzen zu f\u00f6rdern.<\/p>\n<p>Zu den weiteren spannenden und interessanten Vortr\u00e4gen im Rahmen des Pr\u00e4sentationsforums geh\u00f6rten u.a. die Vortr\u00e4ge von Dr. Wilfried Braje (AbbVie Deutschland GmbH &amp; Co. KG), \u00fcber innovative Ans\u00e4tze der nachhaltigen Chemie in der pharmazeutischen Industrie, von Prof. Dr. Alexandra Russo (Universit\u00e4tsmedizin Mainz) und Dr. Marija Tubic Grozdanis (Johannes Gutenberg-Universit\u00e4t Mainz) zur Entwicklung von 3D-gedruckten Tabletten mit individualisierten Wirkstoffprofilen zur personalisierten Therapie krebskranker Kinder, von J\u00f6rg Zimmermann (Vice President External Affairs, Vetter Pharma-Fertigung GmbH &amp; Co. KG) \u00fcber innovative Therapien und die Herausforderungen der Herstellung komplexer Biopharmazeutika sowie von Dr. Britta Wagenhuber (Sanofi Deutschland) \u00fcber virtuelle klinische Studien als Methode, um die Wirksamkeit und Sicherheit neuer Medikamente effizienter zu testen.<\/p>\n<p>Ein Highlight der begleitenden Ausstellung, in der innovative Entwicklungen gezeigt wurden, war das im Au\u00dfenbereich vor den Kurhauskolonnaden aufgebaute saarl\u00e4ndische BioSensoLab des Fraunhofer-Zentrums f\u00fcr Sensor-Intelligenz ZSI, das auf gro\u00dfes Interesse bei den Teilnehmerinnen und Teilnehmer des PharmaForums stie\u00df. Im Rahmen des ZSI wurden zwei Demonstratoren f\u00fcr den Einsatz im Bereich Pharma und Biotechnologie entwickelt. Bei diesen neuen Technologien handelt es sich um intelligente Sensoren, gekoppelt mit einer Auswertung durch K\u00fcnstliche Intelligenz zum Beispiel f\u00fcr den Bereich der Stammzellproduktion. In dem mobilen biologischen Co-Working-Space wurden die Demonstratoren im Live-Betrieb vorgef\u00fchrt und Experten standen f\u00fcr Erkl\u00e4rungen und Diskussion zur Verf\u00fcgung. Dar\u00fcber hinaus waren im Ausstellungsbereich auch die saarl\u00e4ndischen Unternehmen Becker Reinraumtechnik, DiQualis Deutschland GmbH, Quasaar GmbH und Saarmetrics GmbH vertreten.<\/p>\n<p>Im Rahmen der zentralen Podiumsdiskussion zu den Herausforderungen bei der Zulassung und Erstattung innovativer Wirkstoffe herrschte Einigkeit dar\u00fcber, dass Deutschland \u00fcber exzellente Forschungsbedingungen verf\u00fcgt, jedoch durch den Abbau von B\u00fcrokratie und eine gezielte F\u00f6rderung von Forschung und Entwicklung seine Position als international relevanter Pharmastandort weiter st\u00e4rken muss.<\/p>\n<p>Das PharmaForum 2025 hat eindrucksvoll gezeigt, wie wichtig der Dialog zwischen Wissenschaft, Wirtschaft und Politik f\u00fcr die Zukunft der Pharma- und Biotechnologiebranche ist. Die aktivierenden Vortr\u00e4ge, innovativen Ideen und wertvollen Impulse machen die Veranstaltung zu einer unverzichtbaren Plattform f\u00fcr den Austausch und die Vernetzung.<br>\nIm n\u00e4chsten Jahr \u00fcbernimmt Rheinland-Pfalz die Ausrichtung des PharmaForums, bevor in 2027 die Veranstaltung dann wieder in Saarbr\u00fccken stattfinden wird.<\/p>\n<p>Weitere Informationen zum diesj\u00e4hrigen PharmaForum: <a href=\"https:\/\/www.pharmaforum-sw.de\/\" target=\"_blank\" rel=\"noopener\">https:\/\/www.pharmaforum-sw.de\/<\/a><\/p>\t\t\t\t\t\t\t\t<\/div>\n\t\t\t\t<\/div>\n\t\t\t\t\t<\/div>\n\t\t<\/div>\n\t\t\t\t\t<\/div>\n\t\t<\/section>\n\t\t\t\t<section class=\"elementor-section elementor-top-section elementor-element elementor-element-31295c1 elementor-section-boxed elementor-section-height-default elementor-section-height-default\" data-id=\"31295c1\" data-element_type=\"section\" data-e-type=\"section\">\n\t\t\t\t\t\t<div class=\"elementor-container elementor-column-gap-default\">\n\t\t\t\t\t<div class=\"elementor-column elementor-col-100 elementor-top-column elementor-element elementor-element-90b3947\" data-id=\"90b3947\" data-element_type=\"column\" data-e-type=\"column\">\n\t\t\t<div class=\"elementor-widget-wrap elementor-element-populated\">\n\t\t\t\t\t\t<div class=\"elementor-element elementor-element-2f22cb0 elementor-widget elementor-widget-spacer\" data-id=\"2f22cb0\" data-element_type=\"widget\" data-e-type=\"widget\" data-widget_type=\"spacer.default\">\n\t\t\t\t<div class=\"elementor-widget-container\">\n\t\t\t\t\t\t\t<div class=\"elementor-spacer\">\n\t\t\t<div class=\"elementor-spacer-inner\"><\/div>\n\t\t<\/div>\n\t\t\t\t\t\t<\/div>\n\t\t\t\t<\/div>\n\t\t\t\t\t<\/div>\n\t\t<\/div>\n\t\t\t\t\t<\/div>\n\t\t<\/section>\n\t\t\t\t<section class=\"elementor-section elementor-top-section elementor-element elementor-element-ef31eec elementor-section-boxed elementor-section-height-default elementor-section-height-default\" data-id=\"ef31eec\" data-element_type=\"section\" data-e-type=\"section\">\n\t\t\t\t\t\t<div class=\"elementor-container elementor-column-gap-default\">\n\t\t\t\t\t<div class=\"elementor-column elementor-col-100 elementor-top-column elementor-element elementor-element-319ffb4\" data-id=\"319ffb4\" data-element_type=\"column\" data-e-type=\"column\">\n\t\t\t<div class=\"elementor-widget-wrap elementor-element-populated\">\n\t\t\t\t\t\t<div class=\"elementor-element elementor-element-66cafac elementor-widget elementor-widget-n49__gallery\" data-id=\"66cafac\" data-element_type=\"widget\" data-e-type=\"widget\" data-widget_type=\"n49__gallery.default\">\n\t\t\t\t<div class=\"elementor-widget-container\">\n\t\t\t\t\t\n        <section class=\"block--gallery\">\n            <div class=\"gallery--inner\">\n                <div class=\"js--gallery-slider\">\n                                    <div><img decoding=\"async\" src=\"https:\/\/saaris.de\/wp-content\/uploads\/2025\/04\/Pharmaforum-2025-138-min-scaled.jpg\" alt=\"\"><\/div>\n                                    <div><img decoding=\"async\" src=\"https:\/\/saaris.de\/wp-content\/uploads\/2025\/04\/Pharmaforum-2025-170-min-scaled.jpg\" alt=\"\"><\/div>\n                                    <div><img decoding=\"async\" src=\"https:\/\/saaris.de\/wp-content\/uploads\/2025\/04\/Pharmaforum-2025-179-min-scaled.jpg\" alt=\"\"><\/div>\n                                    <div><img decoding=\"async\" src=\"https:\/\/saaris.de\/wp-content\/uploads\/2025\/04\/Pharmaforum-2025-231-min-scaled.jpg\" alt=\"\"><\/div>\n                                    <div><img decoding=\"async\" src=\"https:\/\/saaris.de\/wp-content\/uploads\/2025\/04\/Pharmaforum-2025-330-min-scaled.jpg\" alt=\"\"><\/div>\n                                <\/div>\n            <\/div>\n        <\/section>\n\n        \t\t\t\t<\/div>\n\t\t\t\t<\/div>\n\t\t\t\t\t<\/div>\n\t\t<\/div>\n\t\t\t\t\t<\/div>\n\t\t<\/section>\n\t\t\t\t<section class=\"elementor-section elementor-top-section elementor-element elementor-element-2e9f2a5 elementor-section-boxed elementor-section-height-default elementor-section-height-default\" data-id=\"2e9f2a5\" data-element_type=\"section\" data-e-type=\"section\">\n\t\t\t\t\t\t<div class=\"elementor-container elementor-column-gap-default\">\n\t\t\t\t\t<div class=\"elementor-column elementor-col-100 elementor-top-column elementor-element elementor-element-6a985e3\" data-id=\"6a985e3\" data-element_type=\"column\" data-e-type=\"column\">\n\t\t\t<div class=\"elementor-widget-wrap elementor-element-populated\">\n\t\t\t\t\t\t<div class=\"elementor-element elementor-element-bb96bab elementor-widget elementor-widget-spacer\" data-id=\"bb96bab\" data-element_type=\"widget\" data-e-type=\"widget\" data-widget_type=\"spacer.default\">\n\t\t\t\t<div class=\"elementor-widget-container\">\n\t\t\t\t\t\t\t<div class=\"elementor-spacer\">\n\t\t\t<div class=\"elementor-spacer-inner\"><\/div>\n\t\t<\/div>\n\t\t\t\t\t\t<\/div>\n\t\t\t\t<\/div>\n\t\t\t\t\t<\/div>\n\t\t<\/div>\n\t\t\t\t\t<\/div>\n\t\t<\/section>\n\t\t\t\t<section class=\"elementor-section elementor-top-section elementor-element elementor-element-6a5ec48 elementor-section-boxed elementor-section-height-default elementor-section-height-default\" data-id=\"6a5ec48\" data-element_type=\"section\" data-e-type=\"section\">\n\t\t\t\t\t\t<div class=\"elementor-container elementor-column-gap-default\">\n\t\t\t\t\t<div class=\"elementor-column elementor-col-100 elementor-top-column elementor-element elementor-element-6143da8\" data-id=\"6143da8\" data-element_type=\"column\" data-e-type=\"column\">\n\t\t\t<div class=\"elementor-widget-wrap elementor-element-populated\">\n\t\t\t\t\t\t<div class=\"elementor-element elementor-element-7b561ea elementor-widget elementor-widget-heading\" data-id=\"7b561ea\" data-element_type=\"widget\" data-e-type=\"widget\" data-widget_type=\"heading.default\">\n\t\t\t\t<div class=\"elementor-widget-container\">\n\t\t\t\t\t<h2 class=\"elementor-heading-title elementor-size-default\">Ihre Ansprechpartnerin bei saaris: <\/h2>\t\t\t\t<\/div>\n\t\t\t\t<\/div>\n\t\t\t\t\t<\/div>\n\t\t<\/div>\n\t\t\t\t\t<\/div>\n\t\t<\/section>\n\t\t\t\t<section class=\"elementor-section elementor-top-section elementor-element elementor-element-be91a2e elementor-section-boxed elementor-section-height-default elementor-section-height-default\" data-id=\"be91a2e\" data-element_type=\"section\" data-e-type=\"section\">\n\t\t\t\t\t\t<div class=\"elementor-container elementor-column-gap-default\">\n\t\t\t\t\t<div class=\"elementor-column elementor-col-100 elementor-top-column elementor-element elementor-element-6a8f98f\" data-id=\"6a8f98f\" data-element_type=\"column\" data-e-type=\"column\">\n\t\t\t<div class=\"elementor-widget-wrap elementor-element-populated\">\n\t\t\t\t\t\t<div class=\"elementor-element elementor-element-78f0c19 elementor-widget elementor-widget-n49__contact_item\" data-id=\"78f0c19\" data-element_type=\"widget\" data-e-type=\"widget\" data-widget_type=\"n49__contact_item.default\">\n\t\t\t\t<div class=\"elementor-widget-container\">\n\t\t\t\t\t\n                <div class=\"block--contact-item\">\n            <div class=\"contact-item\">\n                <img decoding=\"async\" src=\"https:\/\/saaris.de\/wp-content\/uploads\/2022\/05\/Saaris-55401-klein-e1651571297352.jpg\" alt=\"Max Mustermann\">                <div>\n                    <span class=\"t-title\">Heike Ziegler-Braun<\/span>\n                    <span class=\"t-position\">Technologietransfer | Life Science & Material Science<\/span>\n\n                    <span class=\"t-tel\">0681 210 66 203<\/span>\n                    <a class=\"t-email\"\n                       href=\"mailto:heike.ziegler-braun@saaris.saarland\">heike.ziegler-braun@saaris.saarland<\/a>\n                <\/div>\n\n            <\/div>\n        <\/div>\n    \n        \n\n        \t\t\t\t<\/div>\n\t\t\t\t<\/div>\n\t\t\t\t\t<\/div>\n\t\t<\/div>\n\t\t\t\t\t<\/div>\n\t\t<\/section>\n\t\t\t\t<section class=\"elementor-section elementor-top-section elementor-element elementor-element-ec46139 elementor-section-boxed elementor-section-height-default elementor-section-height-default\" data-id=\"ec46139\" data-element_type=\"section\" data-e-type=\"section\">\n\t\t\t\t\t\t<div class=\"elementor-container elementor-column-gap-default\">\n\t\t\t\t\t<div class=\"elementor-column elementor-col-100 elementor-top-column elementor-element elementor-element-6db8ebb\" data-id=\"6db8ebb\" data-element_type=\"column\" data-e-type=\"column\">\n\t\t\t<div class=\"elementor-widget-wrap elementor-element-populated\">\n\t\t\t\t\t\t<div class=\"elementor-element elementor-element-ffa2392 elementor-widget elementor-widget-spacer\" data-id=\"ffa2392\" data-element_type=\"widget\" data-e-type=\"widget\" data-widget_type=\"spacer.default\">\n\t\t\t\t<div class=\"elementor-widget-container\">\n\t\t\t\t\t\t\t<div class=\"elementor-spacer\">\n\t\t\t<div class=\"elementor-spacer-inner\"><\/div>\n\t\t<\/div>\n\t\t\t\t\t\t<\/div>\n\t\t\t\t<\/div>\n\t\t\t\t\t<\/div>\n\t\t<\/div>\n\t\t\t\t\t<\/div>\n\t\t<\/section>\n\t\t\t\t<\/div>\n\t\t","protected":false},"excerpt":{"rendered":"<p>Das Saarland war Mitveranstalter des diesj\u00e4hrigen PharmaForums, das am 13. M\u00e4rz 2025 in den Kurhaus-Kolonnaden in Wiesbaden stattfand. Es stand [&hellip;]<\/p>\n","protected":false},"author":34,"featured_media":64734,"comment_status":"closed","ping_status":"closed","sticky":false,"template":"","format":"standard","meta":{"_acf_changed":false,"footnotes":""},"categories":[1],"class_list":["post-64698","post","type-post","status-publish","format-standard","has-post-thumbnail","hentry","category-unkategorisiert","news-branchen-digital-health","news-branchen-healthcare","news-branchen-life-science","news-themen-standort-attraktivitaet","news-themen-technologie-und-innovation"],"acf":[],"yoast_head":"<!-- This site is optimized with the Yoast SEO plugin v27.4 - https:\/\/yoast.com\/product\/yoast-seo-wordpress\/ -->\n<title>PharmaForum 2025 \u2013 Ein Blick in die Medizin der Zukunft Das Saarland war Mitveranstalter des diesj\u00e4hrigen PharmaForums, das am 13. M\u00e4rz 2025 in den Kurhaus-Kolonnaden in Wiesbaden stattfand.<\/title>\n<meta name=\"description\" content=\"saaris organisiert gemeinsam mit dem Wirtschaftsministerium und den Regierungen in Hessen und Rheinland Pfalz einmal j\u00e4hrlich das Pharmaforum. 2027 wird es wieder in Saarbr\u00fccken stattfinden.\" \/>\n<meta name=\"robots\" content=\"index, follow, max-snippet:-1, max-image-preview:large, max-video-preview:-1\" \/>\n<link rel=\"canonical\" href=\"https:\/\/saaris.de\/en\/pharmaforum-2025-ein-blick-in-die-medizin-der-zukunft\/\" \/>\n<meta property=\"og:locale\" content=\"en_US\" \/>\n<meta property=\"og:type\" content=\"article\" \/>\n<meta property=\"og:title\" content=\"PharmaForum 2025 \u2013 Ein Blick in die Medizin der Zukunft Das Saarland war Mitveranstalter des diesj\u00e4hrigen PharmaForums, das am 13. M\u00e4rz 2025 in den Kurhaus-Kolonnaden in Wiesbaden stattfand.\" \/>\n<meta property=\"og:description\" content=\"saaris organisiert gemeinsam mit dem Wirtschaftsministerium und den Regierungen in Hessen und Rheinland Pfalz einmal j\u00e4hrlich das Pharmaforum. 2027 wird es wieder in Saarbr\u00fccken stattfinden.\" \/>\n<meta property=\"og:url\" content=\"https:\/\/saaris.de\/en\/pharmaforum-2025-ein-blick-in-die-medizin-der-zukunft\/\" \/>\n<meta property=\"og:site_name\" content=\"saaris\" \/>\n<meta property=\"article:publisher\" content=\"https:\/\/www.facebook.com\/saaris\" \/>\n<meta property=\"article:published_time\" content=\"2025-04-10T08:30:08+00:00\" \/>\n<meta property=\"og:image\" content=\"https:\/\/saaris.de\/wp-content\/uploads\/2025\/04\/PHK.png\" \/>\n\t<meta property=\"og:image:width\" content=\"400\" \/>\n\t<meta property=\"og:image:height\" content=\"300\" \/>\n\t<meta property=\"og:image:type\" content=\"image\/png\" \/>\n<meta name=\"author\" content=\"bahartmann\" \/>\n<meta name=\"twitter:card\" content=\"summary_large_image\" \/>\n<meta name=\"twitter:creator\" content=\"@saaris_ikt\" \/>\n<meta name=\"twitter:site\" content=\"@saaris_ikt\" \/>\n<meta name=\"twitter:label1\" content=\"Written by\" \/>\n\t<meta name=\"twitter:data1\" content=\"bahartmann\" \/>\n\t<meta name=\"twitter:label2\" content=\"Est. reading time\" \/>\n\t<meta name=\"twitter:data2\" content=\"3 minutes\" \/>\n<script type=\"application\/ld+json\" class=\"yoast-schema-graph\">{\"@context\":\"https:\\\/\\\/schema.org\",\"@graph\":[{\"@type\":\"Article\",\"@id\":\"https:\\\/\\\/saaris.de\\\/en\\\/pharmaforum-2025-ein-blick-in-die-medizin-der-zukunft\\\/#article\",\"isPartOf\":{\"@id\":\"https:\\\/\\\/saaris.de\\\/en\\\/pharmaforum-2025-ein-blick-in-die-medizin-der-zukunft\\\/\"},\"author\":{\"name\":\"bahartmann\",\"@id\":\"https:\\\/\\\/saaris.de\\\/en\\\/#\\\/schema\\\/person\\\/ad2c3b6695996756a4e8c0f492503753\"},\"headline\":\"PharmaForum 2025 \u2013 Ein Blick in die Medizin der Zukunft\",\"datePublished\":\"2025-04-10T08:30:08+00:00\",\"mainEntityOfPage\":{\"@id\":\"https:\\\/\\\/saaris.de\\\/en\\\/pharmaforum-2025-ein-blick-in-die-medizin-der-zukunft\\\/\"},\"wordCount\":618,\"publisher\":{\"@id\":\"https:\\\/\\\/saaris.de\\\/en\\\/#organization\"},\"image\":{\"@id\":\"https:\\\/\\\/saaris.de\\\/en\\\/pharmaforum-2025-ein-blick-in-die-medizin-der-zukunft\\\/#primaryimage\"},\"thumbnailUrl\":\"https:\\\/\\\/saaris.de\\\/wp-content\\\/uploads\\\/2025\\\/04\\\/PHK.png\",\"articleSection\":[\"Unkategorisiert\"],\"inLanguage\":\"en-US\"},{\"@type\":\"WebPage\",\"@id\":\"https:\\\/\\\/saaris.de\\\/en\\\/pharmaforum-2025-ein-blick-in-die-medizin-der-zukunft\\\/\",\"url\":\"https:\\\/\\\/saaris.de\\\/en\\\/pharmaforum-2025-ein-blick-in-die-medizin-der-zukunft\\\/\",\"name\":\"PharmaForum 2025 \u2013 Ein Blick in die Medizin der Zukunft Das Saarland war Mitveranstalter des diesj\u00e4hrigen PharmaForums, das am 13. M\u00e4rz 2025 in den Kurhaus-Kolonnaden in Wiesbaden stattfand.\",\"isPartOf\":{\"@id\":\"https:\\\/\\\/saaris.de\\\/en\\\/#website\"},\"primaryImageOfPage\":{\"@id\":\"https:\\\/\\\/saaris.de\\\/en\\\/pharmaforum-2025-ein-blick-in-die-medizin-der-zukunft\\\/#primaryimage\"},\"image\":{\"@id\":\"https:\\\/\\\/saaris.de\\\/en\\\/pharmaforum-2025-ein-blick-in-die-medizin-der-zukunft\\\/#primaryimage\"},\"thumbnailUrl\":\"https:\\\/\\\/saaris.de\\\/wp-content\\\/uploads\\\/2025\\\/04\\\/PHK.png\",\"datePublished\":\"2025-04-10T08:30:08+00:00\",\"description\":\"saaris organisiert gemeinsam mit dem Wirtschaftsministerium und den Regierungen in Hessen und Rheinland Pfalz einmal j\u00e4hrlich das Pharmaforum. 2027 wird es wieder in Saarbr\u00fccken stattfinden.\",\"breadcrumb\":{\"@id\":\"https:\\\/\\\/saaris.de\\\/en\\\/pharmaforum-2025-ein-blick-in-die-medizin-der-zukunft\\\/#breadcrumb\"},\"inLanguage\":\"en-US\",\"potentialAction\":[{\"@type\":\"ReadAction\",\"target\":[\"https:\\\/\\\/saaris.de\\\/en\\\/pharmaforum-2025-ein-blick-in-die-medizin-der-zukunft\\\/\"]}]},{\"@type\":\"ImageObject\",\"inLanguage\":\"en-US\",\"@id\":\"https:\\\/\\\/saaris.de\\\/en\\\/pharmaforum-2025-ein-blick-in-die-medizin-der-zukunft\\\/#primaryimage\",\"url\":\"https:\\\/\\\/saaris.de\\\/wp-content\\\/uploads\\\/2025\\\/04\\\/PHK.png\",\"contentUrl\":\"https:\\\/\\\/saaris.de\\\/wp-content\\\/uploads\\\/2025\\\/04\\\/PHK.png\",\"width\":400,\"height\":300},{\"@type\":\"BreadcrumbList\",\"@id\":\"https:\\\/\\\/saaris.de\\\/en\\\/pharmaforum-2025-ein-blick-in-die-medizin-der-zukunft\\\/#breadcrumb\",\"itemListElement\":[{\"@type\":\"ListItem\",\"position\":1,\"name\":\"Home\",\"item\":\"https:\\\/\\\/saaris.de\\\/en\\\/\"},{\"@type\":\"ListItem\",\"position\":2,\"name\":\"PharmaForum 2025 \u2013 Ein Blick in die Medizin der Zukunft\"}]},{\"@type\":\"WebSite\",\"@id\":\"https:\\\/\\\/saaris.de\\\/en\\\/#website\",\"url\":\"https:\\\/\\\/saaris.de\\\/en\\\/\",\"name\":\"saaris\",\"description\":\"saarland.innovation&amp;standort e. V.\",\"publisher\":{\"@id\":\"https:\\\/\\\/saaris.de\\\/en\\\/#organization\"},\"potentialAction\":[{\"@type\":\"SearchAction\",\"target\":{\"@type\":\"EntryPoint\",\"urlTemplate\":\"https:\\\/\\\/saaris.de\\\/en\\\/?s={search_term_string}\"},\"query-input\":{\"@type\":\"PropertyValueSpecification\",\"valueRequired\":true,\"valueName\":\"search_term_string\"}}],\"inLanguage\":\"en-US\"},{\"@type\":\"Organization\",\"@id\":\"https:\\\/\\\/saaris.de\\\/en\\\/#organization\",\"name\":\"saaris\",\"url\":\"https:\\\/\\\/saaris.de\\\/en\\\/\",\"logo\":{\"@type\":\"ImageObject\",\"inLanguage\":\"en-US\",\"@id\":\"https:\\\/\\\/saaris.de\\\/en\\\/#\\\/schema\\\/logo\\\/image\\\/\",\"url\":\"https:\\\/\\\/saaris.de\\\/wp-content\\\/uploads\\\/2022\\\/03\\\/saaris-logo-footer.jpg\",\"contentUrl\":\"https:\\\/\\\/saaris.de\\\/wp-content\\\/uploads\\\/2022\\\/03\\\/saaris-logo-footer.jpg\",\"width\":175,\"height\":80,\"caption\":\"saaris\"},\"image\":{\"@id\":\"https:\\\/\\\/saaris.de\\\/en\\\/#\\\/schema\\\/logo\\\/image\\\/\"},\"sameAs\":[\"https:\\\/\\\/www.facebook.com\\\/saaris\",\"https:\\\/\\\/x.com\\\/saaris_ikt\"]},{\"@type\":\"Person\",\"@id\":\"https:\\\/\\\/saaris.de\\\/en\\\/#\\\/schema\\\/person\\\/ad2c3b6695996756a4e8c0f492503753\",\"name\":\"bahartmann\"}]}<\/script>\n<!-- \/ Yoast SEO plugin. -->","yoast_head_json":{"title":"PharmaForum 2025 \u2013 Ein Blick in die Medizin der Zukunft Das Saarland war Mitveranstalter des diesj\u00e4hrigen PharmaForums, das am 13. M\u00e4rz 2025 in den Kurhaus-Kolonnaden in Wiesbaden stattfand.","description":"saaris organisiert gemeinsam mit dem Wirtschaftsministerium und den Regierungen in Hessen und Rheinland Pfalz einmal j\u00e4hrlich das Pharmaforum. 2027 wird es wieder in Saarbr\u00fccken stattfinden.","robots":{"index":"index","follow":"follow","max-snippet":"max-snippet:-1","max-image-preview":"max-image-preview:large","max-video-preview":"max-video-preview:-1"},"canonical":"https:\/\/saaris.de\/en\/pharmaforum-2025-ein-blick-in-die-medizin-der-zukunft\/","og_locale":"en_US","og_type":"article","og_title":"PharmaForum 2025 \u2013 Ein Blick in die Medizin der Zukunft Das Saarland war Mitveranstalter des diesj\u00e4hrigen PharmaForums, das am 13. M\u00e4rz 2025 in den Kurhaus-Kolonnaden in Wiesbaden stattfand.","og_description":"saaris organisiert gemeinsam mit dem Wirtschaftsministerium und den Regierungen in Hessen und Rheinland Pfalz einmal j\u00e4hrlich das Pharmaforum. 2027 wird es wieder in Saarbr\u00fccken stattfinden.","og_url":"https:\/\/saaris.de\/en\/pharmaforum-2025-ein-blick-in-die-medizin-der-zukunft\/","og_site_name":"saaris","article_publisher":"https:\/\/www.facebook.com\/saaris","article_published_time":"2025-04-10T08:30:08+00:00","og_image":[{"width":400,"height":300,"url":"https:\/\/saaris.de\/wp-content\/uploads\/2025\/04\/PHK.png","type":"image\/png"}],"author":"bahartmann","twitter_card":"summary_large_image","twitter_creator":"@saaris_ikt","twitter_site":"@saaris_ikt","twitter_misc":{"Written by":"bahartmann","Est. reading time":"3 minutes"},"schema":{"@context":"https:\/\/schema.org","@graph":[{"@type":"Article","@id":"https:\/\/saaris.de\/en\/pharmaforum-2025-ein-blick-in-die-medizin-der-zukunft\/#article","isPartOf":{"@id":"https:\/\/saaris.de\/en\/pharmaforum-2025-ein-blick-in-die-medizin-der-zukunft\/"},"author":{"name":"bahartmann","@id":"https:\/\/saaris.de\/en\/#\/schema\/person\/ad2c3b6695996756a4e8c0f492503753"},"headline":"PharmaForum 2025 \u2013 Ein Blick in die Medizin der Zukunft","datePublished":"2025-04-10T08:30:08+00:00","mainEntityOfPage":{"@id":"https:\/\/saaris.de\/en\/pharmaforum-2025-ein-blick-in-die-medizin-der-zukunft\/"},"wordCount":618,"publisher":{"@id":"https:\/\/saaris.de\/en\/#organization"},"image":{"@id":"https:\/\/saaris.de\/en\/pharmaforum-2025-ein-blick-in-die-medizin-der-zukunft\/#primaryimage"},"thumbnailUrl":"https:\/\/saaris.de\/wp-content\/uploads\/2025\/04\/PHK.png","articleSection":["Unkategorisiert"],"inLanguage":"en-US"},{"@type":"WebPage","@id":"https:\/\/saaris.de\/en\/pharmaforum-2025-ein-blick-in-die-medizin-der-zukunft\/","url":"https:\/\/saaris.de\/en\/pharmaforum-2025-ein-blick-in-die-medizin-der-zukunft\/","name":"PharmaForum 2025 \u2013 Ein Blick in die Medizin der Zukunft Das Saarland war Mitveranstalter des diesj\u00e4hrigen PharmaForums, das am 13. M\u00e4rz 2025 in den Kurhaus-Kolonnaden in Wiesbaden stattfand.","isPartOf":{"@id":"https:\/\/saaris.de\/en\/#website"},"primaryImageOfPage":{"@id":"https:\/\/saaris.de\/en\/pharmaforum-2025-ein-blick-in-die-medizin-der-zukunft\/#primaryimage"},"image":{"@id":"https:\/\/saaris.de\/en\/pharmaforum-2025-ein-blick-in-die-medizin-der-zukunft\/#primaryimage"},"thumbnailUrl":"https:\/\/saaris.de\/wp-content\/uploads\/2025\/04\/PHK.png","datePublished":"2025-04-10T08:30:08+00:00","description":"saaris organisiert gemeinsam mit dem Wirtschaftsministerium und den Regierungen in Hessen und Rheinland Pfalz einmal j\u00e4hrlich das Pharmaforum. 2027 wird es wieder in Saarbr\u00fccken stattfinden.","breadcrumb":{"@id":"https:\/\/saaris.de\/en\/pharmaforum-2025-ein-blick-in-die-medizin-der-zukunft\/#breadcrumb"},"inLanguage":"en-US","potentialAction":[{"@type":"ReadAction","target":["https:\/\/saaris.de\/en\/pharmaforum-2025-ein-blick-in-die-medizin-der-zukunft\/"]}]},{"@type":"ImageObject","inLanguage":"en-US","@id":"https:\/\/saaris.de\/en\/pharmaforum-2025-ein-blick-in-die-medizin-der-zukunft\/#primaryimage","url":"https:\/\/saaris.de\/wp-content\/uploads\/2025\/04\/PHK.png","contentUrl":"https:\/\/saaris.de\/wp-content\/uploads\/2025\/04\/PHK.png","width":400,"height":300},{"@type":"BreadcrumbList","@id":"https:\/\/saaris.de\/en\/pharmaforum-2025-ein-blick-in-die-medizin-der-zukunft\/#breadcrumb","itemListElement":[{"@type":"ListItem","position":1,"name":"Home","item":"https:\/\/saaris.de\/en\/"},{"@type":"ListItem","position":2,"name":"PharmaForum 2025 \u2013 Ein Blick in die Medizin der Zukunft"}]},{"@type":"WebSite","@id":"https:\/\/saaris.de\/en\/#website","url":"https:\/\/saaris.de\/en\/","name":"saaris","description":"saarland.innovation&amp;standort e. V.","publisher":{"@id":"https:\/\/saaris.de\/en\/#organization"},"potentialAction":[{"@type":"SearchAction","target":{"@type":"EntryPoint","urlTemplate":"https:\/\/saaris.de\/en\/?s={search_term_string}"},"query-input":{"@type":"PropertyValueSpecification","valueRequired":true,"valueName":"search_term_string"}}],"inLanguage":"en-US"},{"@type":"Organization","@id":"https:\/\/saaris.de\/en\/#organization","name":"saaris","url":"https:\/\/saaris.de\/en\/","logo":{"@type":"ImageObject","inLanguage":"en-US","@id":"https:\/\/saaris.de\/en\/#\/schema\/logo\/image\/","url":"https:\/\/saaris.de\/wp-content\/uploads\/2022\/03\/saaris-logo-footer.jpg","contentUrl":"https:\/\/saaris.de\/wp-content\/uploads\/2022\/03\/saaris-logo-footer.jpg","width":175,"height":80,"caption":"saaris"},"image":{"@id":"https:\/\/saaris.de\/en\/#\/schema\/logo\/image\/"},"sameAs":["https:\/\/www.facebook.com\/saaris","https:\/\/x.com\/saaris_ikt"]},{"@type":"Person","@id":"https:\/\/saaris.de\/en\/#\/schema\/person\/ad2c3b6695996756a4e8c0f492503753","name":"bahartmann"}]}},"publishpress_future_workflow_manual_trigger":{"enabledWorkflows":[]},"_links":{"self":[{"href":"https:\/\/saaris.de\/en\/wp-json\/wp\/v2\/posts\/64698","targetHints":{"allow":["GET"]}}],"collection":[{"href":"https:\/\/saaris.de\/en\/wp-json\/wp\/v2\/posts"}],"about":[{"href":"https:\/\/saaris.de\/en\/wp-json\/wp\/v2\/types\/post"}],"author":[{"embeddable":true,"href":"https:\/\/saaris.de\/en\/wp-json\/wp\/v2\/users\/34"}],"replies":[{"embeddable":true,"href":"https:\/\/saaris.de\/en\/wp-json\/wp\/v2\/comments?post=64698"}],"version-history":[{"count":16,"href":"https:\/\/saaris.de\/en\/wp-json\/wp\/v2\/posts\/64698\/revisions"}],"predecessor-version":[{"id":64759,"href":"https:\/\/saaris.de\/en\/wp-json\/wp\/v2\/posts\/64698\/revisions\/64759"}],"wp:featuredmedia":[{"embeddable":true,"href":"https:\/\/saaris.de\/en\/wp-json\/wp\/v2\/media\/64734"}],"wp:attachment":[{"href":"https:\/\/saaris.de\/en\/wp-json\/wp\/v2\/media?parent=64698"}],"wp:term":[{"taxonomy":"category","embeddable":true,"href":"https:\/\/saaris.de\/en\/wp-json\/wp\/v2\/categories?post=64698"}],"curies":[{"name":"wp","href":"https:\/\/api.w.org\/{rel}","templated":true}]}}