{"id":52184,"date":"2023-10-24T11:59:19","date_gmt":"2023-10-24T09:59:19","guid":{"rendered":"https:\/\/saaris.de\/?p=52184"},"modified":"2023-10-24T12:01:51","modified_gmt":"2023-10-24T10:01:51","slug":"einblicke-in-den-cybersecurity-day-2023","status":"publish","type":"post","link":"https:\/\/saaris.de\/en\/einblicke-in-den-cybersecurity-day-2023\/","title":{"rendered":"Einblicke in den Cybersecurity Day 2023"},"content":{"rendered":"\t\t<div data-elementor-type=\"wp-post\" data-elementor-id=\"52184\" class=\"elementor elementor-52184\" data-elementor-post-type=\"post\">\n\t\t\t\t\t\t<section class=\"elementor-section elementor-top-section elementor-element elementor-element-322283c0 elementor-section-boxed elementor-section-height-default elementor-section-height-default\" data-id=\"322283c0\" data-element_type=\"section\" data-e-type=\"section\">\n\t\t\t\t\t\t<div class=\"elementor-container elementor-column-gap-default\">\n\t\t\t\t\t<div class=\"elementor-column elementor-col-100 elementor-top-column elementor-element elementor-element-49c368de\" data-id=\"49c368de\" data-element_type=\"column\" data-e-type=\"column\">\n\t\t\t<div class=\"elementor-widget-wrap elementor-element-populated\">\n\t\t\t\t\t\t<div class=\"elementor-element elementor-element-7c43bd1c elementor-widget elementor-widget-text-editor\" data-id=\"7c43bd1c\" data-element_type=\"widget\" data-e-type=\"widget\" data-widget_type=\"text-editor.default\">\n\t\t\t\t<div class=\"elementor-widget-container\">\n\t\t\t\t\t\t\t\t\t<p>Auf dem <a href=\"https:\/\/www.cybr360.saarland\/termine\/cybersecurity-day-2023\/\" target=\"_blank\" rel=\"noopener\">Cybersecurity Day<\/a> drehte sich alles um das Thema Cybersicherheit. Die Veranstaltung, organisiert von <a href=\"https:\/\/eastsidefab.de\/\" target=\"_blank\" rel=\"noopener\">East Side Fab<\/a>, der <a href=\"https:\/\/www.saarland.ihk.de\/\" target=\"_blank\" rel=\"noopener\">IHK Saarland<\/a> und <a href=\"https:\/\/saaris.de\/\" target=\"_blank\" rel=\"noopener\">saaris e.V.<\/a>, unter dem Dach des Netzwerks <a href=\"https:\/\/www.cybr360.saarland\/\" target=\"_blank\" rel=\"noopener\">CYBR360<\/a>, bot den Teilnehmern eine F\u00fclle von Einblicken, Praxiserfahrungen und Expertenmeinungen in einem Bereich, der in der heutigen Zeit von entscheidender Bedeutung ist. Die zunehmenden Cyberangriffe und die wachsende Bedrohung durch Cyberkriminalit\u00e4t machen IT-Sicherheit zu einer unumg\u00e4nglichen Aufgabe f\u00fcr Unternehmen und \u00f6ffentliche Institutionen. Es ist ein Thema, das sich kontinuierlich und mit hoher Priorit\u00e4t permanent weiterentwickeln muss.<\/p>\n<p><strong>Netzwerk CYBR360 f\u00fcr die regionale Wirtschaft<\/strong><\/p><p>Die Veranstaltung begann mit einer Begr\u00fc\u00dfung durch <a href=\"https:\/\/www.saarland.de\/mwide\/DE\/home\/home_node.html\" target=\"_blank\" rel=\"noopener\">J\u00fcrgen Barke, dem Minister f\u00fcr Wirtschaft, Innovation, Digitales und Energie<\/a>. Er betonte die Relevanz des Themas in der heutigen wirtschaftlichen und politischen Landschaft und unterstrich die Unterst\u00fctzungsleistungen, die das Saarland mit dem Netzwerk CYBR360 der regionalen Wirtschaft anbietet: Alle Kr\u00e4fte aus Wissenschaft, Wirtschaft und Institutionen sind dort vereint, um Firmen im Idealfall pr\u00e4ventiv aber auch im Fall eines Hackerangriffs zu unterst\u00fctzen. Denn, so Barke, zunehmende Vernetzungen und Abh\u00e4ngigkeiten der Lieferketten erh\u00f6hten die Angriffsfl\u00e4che. Beispiel f\u00fcr eine effektive Vorsorge sei beispielsweise die digitale Rettungskette, die im Rahmen des Netzwerkes CYBR360 entwickelt wurde.<\/p>\n<p><strong>Computersicherheit als Managementaufgabe<\/strong><\/p>\n<p>Im Laufe des Vormittags wurden die Teilnehmer mit hochkar\u00e4tigen Keynote-Sprechern versorgt. Dr. Gerhard Schabh\u00fcser, Vizepr\u00e4sident des <a href=\"https:\/\/www.bsi.bund.de\/DE\/Home\/home_node.html\" target=\"_blank\" rel=\"noopener\">Bundesamtes f\u00fcr Sicherheit in der Informationstechnik (BSI)<\/a>, beleuchtete die aktuelle Lage und gab einen Ausblick auf die Cybersicherheit in Deutschland. Er sieht die Ransomware als gr\u00f6\u00dfte Herausforderung f\u00fcr die Wirtschaft sowie die sehr hohe Zahl an Schwachstellen in den Systemen. Computersicherheit m\u00fcsse eine Managementaufgabe sein. Ein Service-Paket seitens der BSI wie das Handbuch \u201eManaging Cyber Risk\u201c, der Cyber Risiko Check f\u00fcr KMU oder die Brosch\u00fcre \u201eCyber Sicherheit f\u00fcr KMU\u201c wurde f\u00fcr die Unternehmen als Unterst\u00fctzung im Kampf gegen die Cyber-Kriminalit\u00e4t entwickelt.<\/p>\n<p><strong>Wettr\u00fcsten zwischen Angreifern und Nutzern<\/strong><\/p>\n<p>Prof. Dr. Thorsten Holz, Tenured Faculty am<a href=\"https:\/\/cispa.de\/de\" target=\"_blank\" rel=\"noopener\"> CISPA Helmholtz-Zentrum f\u00fcr Informationssicherheit<\/a>, sprach \u00fcber die IT-Sicherheitsforschung in Deutschland und betonte deren Bedeutung f\u00fcr Innovation und Wachstum im 21. Jahrhundert. Noch immer best\u00fcnde ein Wettr\u00fcsten zwischen Angreifern und Nutzern. Seine Herausforderungen f\u00fcr die n\u00e4chsten Jahre: Vertrauensw\u00fcrdige KI, Cyber Warfare: Cyber-Kriminalit\u00e4t als Kriegswaffe, Faktor Mensch in der Computersicherheit, Personalmangel.<\/p>\n<p><strong>Ziel: Entwicklung einer Cyber-Resilienz<\/strong><\/p>\n<p>Der gro\u00dfe <a href=\"https:\/\/www.bechtle.com\/\" target=\"_blank\" rel=\"noopener\">IT-Dienstleister Bechtle<\/a> stellte das Cybersecurity Framework der US-Bundesbeh\u00f6rde f\u00fcr Standards und Technologie (NIST) vor, eine freiwillige Richtlinie, mit deren Hilfe Firmen und Organisationen ihre momentane IT-Sicherheit analysieren, Ziele f\u00fcr den Schutz der eigenen IT setzen und die Implementierung von Sicherheitsma\u00dfnahmen messen k\u00f6nnen. Thomas Ochs, CIO bei <a href=\"https:\/\/www.villeroy-boch.de\/\" target=\"_blank\" rel=\"noopener\">Villeroy &amp; Boch AG,<\/a> gab Einblicke in die Konzepte und Ma\u00dfnahmen der digitalen Sicherheit bei Villeroy &amp; Boch. Er pl\u00e4dierte daf\u00fcr, die Partner aus den Lieferketten miteinzubeziehen. Langfristig m\u00fcssten Unternehmen mit einer hohen Professionalit\u00e4t eine Cyber-Resilienz entwickeln.<\/p>\n<p><strong>Panel: Ideen zur Fachkr\u00e4ftegewinnung<\/strong><\/p>\n<p>Beim Panel zum Thema &#8220;IT-Security-Fachkr\u00e4fteoffensive&#8221; ging es darum, wie Unternehmen Fachkr\u00e4fte finden k\u00f6nnen. Elena Yorgova-Ramanauskas, Staatssekret\u00e4rin aus dem Ministerium f\u00fcr Wirtschaft, Innovation, Digitales &amp; Energie, spricht von Allianzen mit anderen Bundesl\u00e4ndern bei den anstehenden Herausforderungen und der Hoffnung, die jetzt outgesourcten Leistungen sp\u00e4ter auch intern l\u00f6sen zu k\u00f6nnen. Peter Nagel, in der IHK f\u00fcr die Ausbildung zust\u00e4ndig, kritisierte, dass die Ausbildungsinhalte nicht schnell genug an die Realit\u00e4t angepasst werden. Sein Vorschlag: Zusatzqualifikationen w\u00e4hrend und nach der Ausbildung zum Thema Computersicherheit. Einig waren sich alle Teilnehmende, dass es attraktive Arbeitgeber ben\u00f6tige, die den Mitarbeitenden beste Rahmenbedingungen bieten, denn die Konkurrenz sitze nicht nur in Deutschland sondern auch in attraktiven Regionen in der ganzen Welt. Ideen f\u00fcr mehr Fachkr\u00e4fte waren beispielsweise weitere Schwerpunkte an den Hochschulen, neue Ausbildungen, Entstehung von \u00d6kosystemen in den Bereichen KI und Computer Sicherheit, Informatik als Schulfach von Anfang an, Netzwerknutzung f\u00fcr Weiterbildung, ein ganzheitlicher Ansatz bei der Integration ausl\u00e4ndischer Fachkr\u00e4fte sowie standardisierte Weiterbildungen.<\/p>\n<p><strong>Masterclasses f\u00fcr Einsteiger und Fortgeschrittene<\/strong><\/p>\n<p>Am Nachmittag wurden Masterclasses angeboten, die auf verschiedene Kenntnisst\u00e4nde abzielten. F\u00fcr Einsteiger gab es interessante Workshops wie &#8220;Security Awareness Kampagne mit Gamification&#8221; und &#8220;\u00dcberraschung Cyberangriff: Reaktionen f\u00fcr den Ernstfall!&#8221; Diese Workshops vermittelten praxisnahe Einblicke in die Welt der Cybersecurity und gaben wertvolle Tipps zur Vorbereitung auf m\u00f6gliche Angriffe. F\u00fcr Experten in der Cybersecurity-Branche gab es ebenfalls anspruchsvolle Masterclasses, darunter &#8220;Cybersicherheit bei Sprachmodellen&#8221; und &#8220;Quantencomputing und Cybersicherheit.&#8221; Diese Sessions gingen tiefer in die Materie und behandelten fortgeschrittene Themen.<\/p>\n<p><strong>Hoch frequentierte Unternehmensausstellung<\/strong><\/p>\n<p>Ein besonderer H\u00f6hepunkt war der Escape Room, in dem die Teilnehmer ihr Wissen und K\u00f6nnen in Sachen Cybersecurity unter Beweis stellen konnten. Dies bot eine spannende M\u00f6glichkeit, das Gelernte in die Praxis umzusetzen und sich in einer realistischen Umgebung auf m\u00f6gliche Bedrohungen vorzubereiten. In diesem Jahr fand sich noch mehr Raum und Zeit zum Networking in der Unternehmensausstellung mit rund 30 Ausstellern. Erstmalig gab es eine dedizierte Start-up-Area.<\/p>\n<p>Zusammenfassend war der Cybersecurity Day eine vielf\u00e4ltige und tiefgreifende Erfahrung f\u00fcr alle, die sich f\u00fcr IT-Security, Compliance und Datenschutz interessieren. Die Pr\u00e4sentationen, Workshops und Diskussionen lieferten den rund 500 Besuchern wertvolle Erkenntnisse und Praxisbeispiele, die Unternehmen und Organisationen dabei unterst\u00fctzen, sich gegen die wachsenden Bedrohungen in der digitalen Welt zu wappnen.<\/p>\t\t\t\t\t\t\t\t<\/div>\n\t\t\t\t<\/div>\n\t\t\t\t\t<\/div>\n\t\t<\/div>\n\t\t\t\t\t<\/div>\n\t\t<\/section>\n\t\t\t\t<section class=\"elementor-section elementor-top-section elementor-element elementor-element-ec447cb elementor-section-boxed elementor-section-height-default elementor-section-height-default\" data-id=\"ec447cb\" data-element_type=\"section\" data-e-type=\"section\">\n\t\t\t\t\t\t<div class=\"elementor-container elementor-column-gap-default\">\n\t\t\t\t\t<div class=\"elementor-column elementor-col-100 elementor-top-column elementor-element elementor-element-2d06e99\" data-id=\"2d06e99\" data-element_type=\"column\" data-e-type=\"column\">\n\t\t\t<div class=\"elementor-widget-wrap elementor-element-populated\">\n\t\t\t\t\t\t<div class=\"elementor-element elementor-element-6877f8e elementor-widget elementor-widget-n49__gallery\" data-id=\"6877f8e\" data-element_type=\"widget\" data-e-type=\"widget\" data-widget_type=\"n49__gallery.default\">\n\t\t\t\t<div class=\"elementor-widget-container\">\n\t\t\t\t\t\n        <section class=\"block--gallery\">\n            <div class=\"gallery--inner\">\n                <div class=\"js--gallery-slider\">\n                                    <div><img decoding=\"async\" src=\"https:\/\/saaris.de\/wp-content\/uploads\/2023\/10\/IMG_8458.jpg\" alt=\"Rundgang durch die Ausstellung\"><\/div>\n                                    <div><img decoding=\"async\" src=\"https:\/\/saaris.de\/wp-content\/uploads\/2023\/10\/IMG_20231020_120352.jpg\" alt=\"Gute Ideen f\u00fcr neue Fachkr\u00e4fte\"><\/div>\n                                    <div><img decoding=\"async\" src=\"https:\/\/saaris.de\/wp-content\/uploads\/2023\/10\/IMG_20231020_093925.jpg\" alt=\"Gro\u00dfes Interesse am Thema Cyber Security\"><\/div>\n                                    <div><img decoding=\"async\" src=\"https:\/\/saaris.de\/wp-content\/uploads\/2023\/10\/IMG_20231020_104851.jpg\" alt=\"Das Netzwerk CYBR360 unterst\u00fctzt die saarl\u00e4ndische Wirtschaft\"><\/div>\n                                    <div><img decoding=\"async\" src=\"https:\/\/saaris.de\/wp-content\/uploads\/2023\/10\/IMG_8447.jpg\" alt=\"Die begleitende Ausstellung war gut besucht\"><\/div>\n                                <\/div>\n            <\/div>\n        <\/section>\n\n        \t\t\t\t<\/div>\n\t\t\t\t<\/div>\n\t\t\t\t\t<\/div>\n\t\t<\/div>\n\t\t\t\t\t<\/div>\n\t\t<\/section>\n\t\t\t\t<section class=\"elementor-section elementor-top-section elementor-element elementor-element-7c6d7d8 elementor-section-boxed elementor-section-height-default elementor-section-height-default\" data-id=\"7c6d7d8\" data-element_type=\"section\" data-e-type=\"section\">\n\t\t\t\t\t\t<div class=\"elementor-container elementor-column-gap-default\">\n\t\t\t\t\t<div class=\"elementor-column elementor-col-100 elementor-top-column elementor-element elementor-element-4ab7f7d\" data-id=\"4ab7f7d\" data-element_type=\"column\" data-e-type=\"column\">\n\t\t\t<div class=\"elementor-widget-wrap elementor-element-populated\">\n\t\t\t\t\t\t<div class=\"elementor-element elementor-element-c9b79db elementor-widget elementor-widget-spacer\" data-id=\"c9b79db\" data-element_type=\"widget\" data-e-type=\"widget\" data-widget_type=\"spacer.default\">\n\t\t\t\t<div class=\"elementor-widget-container\">\n\t\t\t\t\t\t\t<div class=\"elementor-spacer\">\n\t\t\t<div class=\"elementor-spacer-inner\"><\/div>\n\t\t<\/div>\n\t\t\t\t\t\t<\/div>\n\t\t\t\t<\/div>\n\t\t\t\t\t<\/div>\n\t\t<\/div>\n\t\t\t\t\t<\/div>\n\t\t<\/section>\n\t\t\t\t<section class=\"elementor-section elementor-top-section elementor-element elementor-element-1a4780a elementor-section-boxed elementor-section-height-default elementor-section-height-default\" data-id=\"1a4780a\" data-element_type=\"section\" data-e-type=\"section\">\n\t\t\t\t\t\t<div class=\"elementor-container elementor-column-gap-default\">\n\t\t\t\t\t<div class=\"elementor-column elementor-col-100 elementor-top-column elementor-element elementor-element-16bd136\" data-id=\"16bd136\" data-element_type=\"column\" data-e-type=\"column\">\n\t\t\t<div class=\"elementor-widget-wrap elementor-element-populated\">\n\t\t\t\t\t\t<div class=\"elementor-element elementor-element-87c69f5 elementor-widget elementor-widget-heading\" data-id=\"87c69f5\" data-element_type=\"widget\" data-e-type=\"widget\" data-widget_type=\"heading.default\">\n\t\t\t\t<div class=\"elementor-widget-container\">\n\t\t\t\t\t<h2 class=\"elementor-heading-title elementor-size-default\">IhreAnsprechpartnerin bei saaris:<\/h2>\t\t\t\t<\/div>\n\t\t\t\t<\/div>\n\t\t\t\t\t<\/div>\n\t\t<\/div>\n\t\t\t\t\t<\/div>\n\t\t<\/section>\n\t\t\t\t<section class=\"elementor-section elementor-top-section elementor-element elementor-element-606b96b elementor-section-boxed elementor-section-height-default elementor-section-height-default\" data-id=\"606b96b\" data-element_type=\"section\" data-e-type=\"section\">\n\t\t\t\t\t\t<div class=\"elementor-container elementor-column-gap-default\">\n\t\t\t\t\t<div class=\"elementor-column elementor-col-100 elementor-top-column elementor-element elementor-element-fa7111f\" data-id=\"fa7111f\" data-element_type=\"column\" data-e-type=\"column\">\n\t\t\t<div class=\"elementor-widget-wrap elementor-element-populated\">\n\t\t\t\t\t\t<div class=\"elementor-element elementor-element-4bafaae elementor-widget elementor-widget-n49__contact_item\" data-id=\"4bafaae\" data-element_type=\"widget\" data-e-type=\"widget\" data-widget_type=\"n49__contact_item.default\">\n\t\t\t\t<div class=\"elementor-widget-container\">\n\t\t\t\t\t\n                <div class=\"block--contact-item\">\n            <div class=\"contact-item\">\n                <img decoding=\"async\" src=\"\" alt=\"placeholder\">                <div>\n                    <span class=\"t-title\"><\/span>\n                    <span class=\"t-position\"><\/span>\n\n                    <span class=\"t-tel\"><\/span>\n                    <a class=\"t-email\"\n                       href=\"mailto:\"><\/a>\n                <\/div>\n\n            <\/div>\n        <\/div>\n    \n        \n\n        \t\t\t\t<\/div>\n\t\t\t\t<\/div>\n\t\t\t\t\t<\/div>\n\t\t<\/div>\n\t\t\t\t\t<\/div>\n\t\t<\/section>\n\t\t\t\t<section class=\"elementor-section elementor-top-section elementor-element elementor-element-221894c elementor-section-boxed elementor-section-height-default elementor-section-height-default\" data-id=\"221894c\" data-element_type=\"section\" data-e-type=\"section\">\n\t\t\t\t\t\t<div class=\"elementor-container elementor-column-gap-default\">\n\t\t\t\t\t<div class=\"elementor-column elementor-col-100 elementor-top-column elementor-element elementor-element-59e580e\" data-id=\"59e580e\" data-element_type=\"column\" data-e-type=\"column\">\n\t\t\t<div class=\"elementor-widget-wrap elementor-element-populated\">\n\t\t\t\t\t\t<div class=\"elementor-element elementor-element-9a3d3d1 elementor-widget elementor-widget-spacer\" data-id=\"9a3d3d1\" data-element_type=\"widget\" data-e-type=\"widget\" data-widget_type=\"spacer.default\">\n\t\t\t\t<div class=\"elementor-widget-container\">\n\t\t\t\t\t\t\t<div class=\"elementor-spacer\">\n\t\t\t<div class=\"elementor-spacer-inner\"><\/div>\n\t\t<\/div>\n\t\t\t\t\t\t<\/div>\n\t\t\t\t<\/div>\n\t\t\t\t\t<\/div>\n\t\t<\/div>\n\t\t\t\t\t<\/div>\n\t\t<\/section>\n\t\t\t\t<\/div>\n\t\t","protected":false},"excerpt":{"rendered":"<p>Auf dem Cybersecurity Day drehte sich alles um das Thema Cybersicherheit. Die Veranstaltung, organisiert von East Side Fab, der IHK [&hellip;]<\/p>\n","protected":false},"author":34,"featured_media":52186,"comment_status":"closed","ping_status":"closed","sticky":false,"template":"","format":"standard","meta":{"_acf_changed":false,"footnotes":""},"categories":[453,346,64],"class_list":["post-52184","post","type-post","status-publish","format-standard","has-post-thumbnail","hentry","category-automotive","category-ikt","category-lifescience","news-branchen-automotive","news-branchen-digital-health","news-branchen-handel","news-branchen-healthcare","news-branchen-industrie-und-vearbeitendendes-gewerbe","news-branchen-informationstechnologie","news-branchen-kreativwirtschaft","news-branchen-life-science","news-branchen-logistik","news-themen-technologie-und-innovation"],"acf":[],"yoast_head":"<!-- This site is optimized with the Yoast SEO plugin v27.4 - https:\/\/yoast.com\/product\/yoast-seo-wordpress\/ -->\n<title>Einblicke in den Cybersecurity Day 2023 Cybersicherheit:: Chancen und Herausforderungen f\u00fcr saarl\u00e4ndische Unternehmen<\/title>\n<meta name=\"description\" content=\"saaris unterst\u00fctzt mit seinen Partnern regionale Unternehmen bei der gro\u00dfen Herausforderung Computersicherheit\" \/>\n<meta name=\"robots\" content=\"index, follow, max-snippet:-1, max-image-preview:large, max-video-preview:-1\" \/>\n<link rel=\"canonical\" href=\"https:\/\/saaris.de\/en\/einblicke-in-den-cybersecurity-day-2023\/\" \/>\n<meta property=\"og:locale\" content=\"en_US\" \/>\n<meta property=\"og:type\" content=\"article\" \/>\n<meta property=\"og:title\" content=\"Einblicke in den Cybersecurity Day 2023 Cybersicherheit:: Chancen und Herausforderungen f\u00fcr saarl\u00e4ndische Unternehmen\" \/>\n<meta property=\"og:description\" content=\"saaris unterst\u00fctzt mit seinen Partnern regionale Unternehmen bei der gro\u00dfen Herausforderung Computersicherheit\" \/>\n<meta property=\"og:url\" content=\"https:\/\/saaris.de\/en\/einblicke-in-den-cybersecurity-day-2023\/\" \/>\n<meta property=\"og:site_name\" content=\"saaris\" \/>\n<meta property=\"article:publisher\" content=\"https:\/\/www.facebook.com\/saaris\" \/>\n<meta property=\"article:published_time\" content=\"2023-10-24T09:59:19+00:00\" \/>\n<meta property=\"article:modified_time\" content=\"2023-10-24T10:01:51+00:00\" \/>\n<meta property=\"og:image\" content=\"https:\/\/saaris.de\/wp-content\/uploads\/2023\/10\/CSK.png\" \/>\n\t<meta property=\"og:image:width\" content=\"400\" \/>\n\t<meta property=\"og:image:height\" content=\"300\" \/>\n\t<meta property=\"og:image:type\" content=\"image\/png\" \/>\n<meta name=\"author\" content=\"bahartmann\" \/>\n<meta name=\"twitter:card\" content=\"summary_large_image\" \/>\n<meta name=\"twitter:creator\" content=\"@saaris_ikt\" \/>\n<meta name=\"twitter:site\" content=\"@saaris_ikt\" \/>\n<meta name=\"twitter:label1\" content=\"Written by\" \/>\n\t<meta name=\"twitter:data1\" content=\"bahartmann\" \/>\n\t<meta name=\"twitter:label2\" content=\"Est. reading time\" \/>\n\t<meta name=\"twitter:data2\" content=\"5 minutes\" \/>\n<script type=\"application\/ld+json\" class=\"yoast-schema-graph\">{\"@context\":\"https:\\\/\\\/schema.org\",\"@graph\":[{\"@type\":\"Article\",\"@id\":\"https:\\\/\\\/saaris.de\\\/en\\\/einblicke-in-den-cybersecurity-day-2023\\\/#article\",\"isPartOf\":{\"@id\":\"https:\\\/\\\/saaris.de\\\/en\\\/einblicke-in-den-cybersecurity-day-2023\\\/\"},\"author\":{\"name\":\"bahartmann\",\"@id\":\"https:\\\/\\\/saaris.de\\\/en\\\/#\\\/schema\\\/person\\\/ad2c3b6695996756a4e8c0f492503753\"},\"headline\":\"Einblicke in den Cybersecurity Day 2023\",\"datePublished\":\"2023-10-24T09:59:19+00:00\",\"dateModified\":\"2023-10-24T10:01:51+00:00\",\"mainEntityOfPage\":{\"@id\":\"https:\\\/\\\/saaris.de\\\/en\\\/einblicke-in-den-cybersecurity-day-2023\\\/\"},\"wordCount\":907,\"publisher\":{\"@id\":\"https:\\\/\\\/saaris.de\\\/en\\\/#organization\"},\"image\":{\"@id\":\"https:\\\/\\\/saaris.de\\\/en\\\/einblicke-in-den-cybersecurity-day-2023\\\/#primaryimage\"},\"thumbnailUrl\":\"https:\\\/\\\/saaris.de\\\/wp-content\\\/uploads\\\/2023\\\/10\\\/CSK.png\",\"articleSection\":[\"automotive\",\"ikt\",\"lifescience\"],\"inLanguage\":\"en-US\"},{\"@type\":\"WebPage\",\"@id\":\"https:\\\/\\\/saaris.de\\\/en\\\/einblicke-in-den-cybersecurity-day-2023\\\/\",\"url\":\"https:\\\/\\\/saaris.de\\\/en\\\/einblicke-in-den-cybersecurity-day-2023\\\/\",\"name\":\"Einblicke in den Cybersecurity Day 2023 Cybersicherheit:: Chancen und Herausforderungen f\u00fcr saarl\u00e4ndische Unternehmen\",\"isPartOf\":{\"@id\":\"https:\\\/\\\/saaris.de\\\/en\\\/#website\"},\"primaryImageOfPage\":{\"@id\":\"https:\\\/\\\/saaris.de\\\/en\\\/einblicke-in-den-cybersecurity-day-2023\\\/#primaryimage\"},\"image\":{\"@id\":\"https:\\\/\\\/saaris.de\\\/en\\\/einblicke-in-den-cybersecurity-day-2023\\\/#primaryimage\"},\"thumbnailUrl\":\"https:\\\/\\\/saaris.de\\\/wp-content\\\/uploads\\\/2023\\\/10\\\/CSK.png\",\"datePublished\":\"2023-10-24T09:59:19+00:00\",\"dateModified\":\"2023-10-24T10:01:51+00:00\",\"description\":\"saaris unterst\u00fctzt mit seinen Partnern regionale Unternehmen bei der gro\u00dfen Herausforderung Computersicherheit\",\"breadcrumb\":{\"@id\":\"https:\\\/\\\/saaris.de\\\/en\\\/einblicke-in-den-cybersecurity-day-2023\\\/#breadcrumb\"},\"inLanguage\":\"en-US\",\"potentialAction\":[{\"@type\":\"ReadAction\",\"target\":[\"https:\\\/\\\/saaris.de\\\/en\\\/einblicke-in-den-cybersecurity-day-2023\\\/\"]}]},{\"@type\":\"ImageObject\",\"inLanguage\":\"en-US\",\"@id\":\"https:\\\/\\\/saaris.de\\\/en\\\/einblicke-in-den-cybersecurity-day-2023\\\/#primaryimage\",\"url\":\"https:\\\/\\\/saaris.de\\\/wp-content\\\/uploads\\\/2023\\\/10\\\/CSK.png\",\"contentUrl\":\"https:\\\/\\\/saaris.de\\\/wp-content\\\/uploads\\\/2023\\\/10\\\/CSK.png\",\"width\":400,\"height\":300},{\"@type\":\"BreadcrumbList\",\"@id\":\"https:\\\/\\\/saaris.de\\\/en\\\/einblicke-in-den-cybersecurity-day-2023\\\/#breadcrumb\",\"itemListElement\":[{\"@type\":\"ListItem\",\"position\":1,\"name\":\"Home\",\"item\":\"https:\\\/\\\/saaris.de\\\/en\\\/\"},{\"@type\":\"ListItem\",\"position\":2,\"name\":\"Einblicke in den Cybersecurity Day 2023\"}]},{\"@type\":\"WebSite\",\"@id\":\"https:\\\/\\\/saaris.de\\\/en\\\/#website\",\"url\":\"https:\\\/\\\/saaris.de\\\/en\\\/\",\"name\":\"saaris\",\"description\":\"saarland.innovation&amp;standort e. V.\",\"publisher\":{\"@id\":\"https:\\\/\\\/saaris.de\\\/en\\\/#organization\"},\"potentialAction\":[{\"@type\":\"SearchAction\",\"target\":{\"@type\":\"EntryPoint\",\"urlTemplate\":\"https:\\\/\\\/saaris.de\\\/en\\\/?s={search_term_string}\"},\"query-input\":{\"@type\":\"PropertyValueSpecification\",\"valueRequired\":true,\"valueName\":\"search_term_string\"}}],\"inLanguage\":\"en-US\"},{\"@type\":\"Organization\",\"@id\":\"https:\\\/\\\/saaris.de\\\/en\\\/#organization\",\"name\":\"saaris\",\"url\":\"https:\\\/\\\/saaris.de\\\/en\\\/\",\"logo\":{\"@type\":\"ImageObject\",\"inLanguage\":\"en-US\",\"@id\":\"https:\\\/\\\/saaris.de\\\/en\\\/#\\\/schema\\\/logo\\\/image\\\/\",\"url\":\"https:\\\/\\\/saaris.de\\\/wp-content\\\/uploads\\\/2022\\\/03\\\/saaris-logo-footer.jpg\",\"contentUrl\":\"https:\\\/\\\/saaris.de\\\/wp-content\\\/uploads\\\/2022\\\/03\\\/saaris-logo-footer.jpg\",\"width\":175,\"height\":80,\"caption\":\"saaris\"},\"image\":{\"@id\":\"https:\\\/\\\/saaris.de\\\/en\\\/#\\\/schema\\\/logo\\\/image\\\/\"},\"sameAs\":[\"https:\\\/\\\/www.facebook.com\\\/saaris\",\"https:\\\/\\\/x.com\\\/saaris_ikt\"]},{\"@type\":\"Person\",\"@id\":\"https:\\\/\\\/saaris.de\\\/en\\\/#\\\/schema\\\/person\\\/ad2c3b6695996756a4e8c0f492503753\",\"name\":\"bahartmann\"}]}<\/script>\n<!-- \/ Yoast SEO plugin. -->","yoast_head_json":{"title":"Einblicke in den Cybersecurity Day 2023 Cybersicherheit:: Chancen und Herausforderungen f\u00fcr saarl\u00e4ndische Unternehmen","description":"saaris unterst\u00fctzt mit seinen Partnern regionale Unternehmen bei der gro\u00dfen Herausforderung Computersicherheit","robots":{"index":"index","follow":"follow","max-snippet":"max-snippet:-1","max-image-preview":"max-image-preview:large","max-video-preview":"max-video-preview:-1"},"canonical":"https:\/\/saaris.de\/en\/einblicke-in-den-cybersecurity-day-2023\/","og_locale":"en_US","og_type":"article","og_title":"Einblicke in den Cybersecurity Day 2023 Cybersicherheit:: Chancen und Herausforderungen f\u00fcr saarl\u00e4ndische Unternehmen","og_description":"saaris unterst\u00fctzt mit seinen Partnern regionale Unternehmen bei der gro\u00dfen Herausforderung Computersicherheit","og_url":"https:\/\/saaris.de\/en\/einblicke-in-den-cybersecurity-day-2023\/","og_site_name":"saaris","article_publisher":"https:\/\/www.facebook.com\/saaris","article_published_time":"2023-10-24T09:59:19+00:00","article_modified_time":"2023-10-24T10:01:51+00:00","og_image":[{"width":400,"height":300,"url":"https:\/\/saaris.de\/wp-content\/uploads\/2023\/10\/CSK.png","type":"image\/png"}],"author":"bahartmann","twitter_card":"summary_large_image","twitter_creator":"@saaris_ikt","twitter_site":"@saaris_ikt","twitter_misc":{"Written by":"bahartmann","Est. reading time":"5 minutes"},"schema":{"@context":"https:\/\/schema.org","@graph":[{"@type":"Article","@id":"https:\/\/saaris.de\/en\/einblicke-in-den-cybersecurity-day-2023\/#article","isPartOf":{"@id":"https:\/\/saaris.de\/en\/einblicke-in-den-cybersecurity-day-2023\/"},"author":{"name":"bahartmann","@id":"https:\/\/saaris.de\/en\/#\/schema\/person\/ad2c3b6695996756a4e8c0f492503753"},"headline":"Einblicke in den Cybersecurity Day 2023","datePublished":"2023-10-24T09:59:19+00:00","dateModified":"2023-10-24T10:01:51+00:00","mainEntityOfPage":{"@id":"https:\/\/saaris.de\/en\/einblicke-in-den-cybersecurity-day-2023\/"},"wordCount":907,"publisher":{"@id":"https:\/\/saaris.de\/en\/#organization"},"image":{"@id":"https:\/\/saaris.de\/en\/einblicke-in-den-cybersecurity-day-2023\/#primaryimage"},"thumbnailUrl":"https:\/\/saaris.de\/wp-content\/uploads\/2023\/10\/CSK.png","articleSection":["automotive","ikt","lifescience"],"inLanguage":"en-US"},{"@type":"WebPage","@id":"https:\/\/saaris.de\/en\/einblicke-in-den-cybersecurity-day-2023\/","url":"https:\/\/saaris.de\/en\/einblicke-in-den-cybersecurity-day-2023\/","name":"Einblicke in den Cybersecurity Day 2023 Cybersicherheit:: Chancen und Herausforderungen f\u00fcr saarl\u00e4ndische Unternehmen","isPartOf":{"@id":"https:\/\/saaris.de\/en\/#website"},"primaryImageOfPage":{"@id":"https:\/\/saaris.de\/en\/einblicke-in-den-cybersecurity-day-2023\/#primaryimage"},"image":{"@id":"https:\/\/saaris.de\/en\/einblicke-in-den-cybersecurity-day-2023\/#primaryimage"},"thumbnailUrl":"https:\/\/saaris.de\/wp-content\/uploads\/2023\/10\/CSK.png","datePublished":"2023-10-24T09:59:19+00:00","dateModified":"2023-10-24T10:01:51+00:00","description":"saaris unterst\u00fctzt mit seinen Partnern regionale Unternehmen bei der gro\u00dfen Herausforderung Computersicherheit","breadcrumb":{"@id":"https:\/\/saaris.de\/en\/einblicke-in-den-cybersecurity-day-2023\/#breadcrumb"},"inLanguage":"en-US","potentialAction":[{"@type":"ReadAction","target":["https:\/\/saaris.de\/en\/einblicke-in-den-cybersecurity-day-2023\/"]}]},{"@type":"ImageObject","inLanguage":"en-US","@id":"https:\/\/saaris.de\/en\/einblicke-in-den-cybersecurity-day-2023\/#primaryimage","url":"https:\/\/saaris.de\/wp-content\/uploads\/2023\/10\/CSK.png","contentUrl":"https:\/\/saaris.de\/wp-content\/uploads\/2023\/10\/CSK.png","width":400,"height":300},{"@type":"BreadcrumbList","@id":"https:\/\/saaris.de\/en\/einblicke-in-den-cybersecurity-day-2023\/#breadcrumb","itemListElement":[{"@type":"ListItem","position":1,"name":"Home","item":"https:\/\/saaris.de\/en\/"},{"@type":"ListItem","position":2,"name":"Einblicke in den Cybersecurity Day 2023"}]},{"@type":"WebSite","@id":"https:\/\/saaris.de\/en\/#website","url":"https:\/\/saaris.de\/en\/","name":"saaris","description":"saarland.innovation&amp;standort e. V.","publisher":{"@id":"https:\/\/saaris.de\/en\/#organization"},"potentialAction":[{"@type":"SearchAction","target":{"@type":"EntryPoint","urlTemplate":"https:\/\/saaris.de\/en\/?s={search_term_string}"},"query-input":{"@type":"PropertyValueSpecification","valueRequired":true,"valueName":"search_term_string"}}],"inLanguage":"en-US"},{"@type":"Organization","@id":"https:\/\/saaris.de\/en\/#organization","name":"saaris","url":"https:\/\/saaris.de\/en\/","logo":{"@type":"ImageObject","inLanguage":"en-US","@id":"https:\/\/saaris.de\/en\/#\/schema\/logo\/image\/","url":"https:\/\/saaris.de\/wp-content\/uploads\/2022\/03\/saaris-logo-footer.jpg","contentUrl":"https:\/\/saaris.de\/wp-content\/uploads\/2022\/03\/saaris-logo-footer.jpg","width":175,"height":80,"caption":"saaris"},"image":{"@id":"https:\/\/saaris.de\/en\/#\/schema\/logo\/image\/"},"sameAs":["https:\/\/www.facebook.com\/saaris","https:\/\/x.com\/saaris_ikt"]},{"@type":"Person","@id":"https:\/\/saaris.de\/en\/#\/schema\/person\/ad2c3b6695996756a4e8c0f492503753","name":"bahartmann"}]}},"publishpress_future_workflow_manual_trigger":{"enabledWorkflows":[]},"_links":{"self":[{"href":"https:\/\/saaris.de\/en\/wp-json\/wp\/v2\/posts\/52184","targetHints":{"allow":["GET"]}}],"collection":[{"href":"https:\/\/saaris.de\/en\/wp-json\/wp\/v2\/posts"}],"about":[{"href":"https:\/\/saaris.de\/en\/wp-json\/wp\/v2\/types\/post"}],"author":[{"embeddable":true,"href":"https:\/\/saaris.de\/en\/wp-json\/wp\/v2\/users\/34"}],"replies":[{"embeddable":true,"href":"https:\/\/saaris.de\/en\/wp-json\/wp\/v2\/comments?post=52184"}],"version-history":[{"count":17,"href":"https:\/\/saaris.de\/en\/wp-json\/wp\/v2\/posts\/52184\/revisions"}],"predecessor-version":[{"id":52226,"href":"https:\/\/saaris.de\/en\/wp-json\/wp\/v2\/posts\/52184\/revisions\/52226"}],"wp:featuredmedia":[{"embeddable":true,"href":"https:\/\/saaris.de\/en\/wp-json\/wp\/v2\/media\/52186"}],"wp:attachment":[{"href":"https:\/\/saaris.de\/en\/wp-json\/wp\/v2\/media?parent=52184"}],"wp:term":[{"taxonomy":"category","embeddable":true,"href":"https:\/\/saaris.de\/en\/wp-json\/wp\/v2\/categories?post=52184"}],"curies":[{"name":"wp","href":"https:\/\/api.w.org\/{rel}","templated":true}]}}